{"id":1830,"date":"2013-12-20T23:32:51","date_gmt":"2013-12-20T22:32:51","guid":{"rendered":"http:\/\/parcalex.wordpress.com\/?p=1830"},"modified":"2016-03-23T18:01:19","modified_gmt":"2016-03-23T17:01:19","slug":"gare-davoue","status":"publish","type":"post","link":"http:\/\/alexcitationdesparcs.com\/wp\/2013\/12\/20\/gare-davoue\/","title":{"rendered":"Gare&#8230; d&rsquo;avoue !"},"content":{"rendered":"<p style=\"text-align: justify;\"><em><strong>En cette fin de semaine, le parc d&rsquo;attraction Nigloland a publi\u00e9 de nouvelles photos du chantier de sa future grande attraction Alpina Blitz. 4 clich\u00e9s mettant en sc\u00e8ne la gare de l&rsquo;attraction.\u00a0<\/strong><\/em><!--more--><\/p>\n<p style=\"text-align: justify;\"><a href=\"https:\/\/i0.wp.com\/alexcitationdesparcs.com\/wp\/wp-content\/uploads\/2013\/12\/ab-gare-gc3a9nc3a9ral.jpg\"><img data-attachment-id=\"1833\" data-permalink=\"http:\/\/alexcitationdesparcs.com\/wp\/2013\/12\/20\/gare-davoue\/ab-gare-general\/\" data-orig-file=\"https:\/\/i0.wp.com\/alexcitationdesparcs.com\/wp\/wp-content\/uploads\/2013\/12\/ab-gare-gc3a9nc3a9ral.jpg?fit=2835%2C1890\" data-orig-size=\"2835,1890\" data-comments-opened=\"1\" data-image-meta=\"{&quot;aperture&quot;:&quot;7.1&quot;,&quot;credit&quot;:&quot;&quot;,&quot;camera&quot;:&quot;Canon EOS 60D&quot;,&quot;caption&quot;:&quot;&quot;,&quot;created_timestamp&quot;:&quot;1387368875&quot;,&quot;copyright&quot;:&quot;&quot;,&quot;focal_length&quot;:&quot;18&quot;,&quot;iso&quot;:&quot;100&quot;,&quot;shutter_speed&quot;:&quot;0.008&quot;,&quot;title&quot;:&quot;&quot;,&quot;orientation&quot;:&quot;1&quot;}\" data-image-title=\"AB Gare G\u00e9n\u00e9ral\" data-image-description=\"\" data-image-caption=\"\" data-medium-file=\"https:\/\/i0.wp.com\/alexcitationdesparcs.com\/wp\/wp-content\/uploads\/2013\/12\/ab-gare-gc3a9nc3a9ral.jpg?fit=300%2C200\" data-large-file=\"https:\/\/i0.wp.com\/alexcitationdesparcs.com\/wp\/wp-content\/uploads\/2013\/12\/ab-gare-gc3a9nc3a9ral.jpg?fit=474%2C316\" loading=\"lazy\" class=\"alignleft  wp-image-1833\" src=\"https:\/\/i0.wp.com\/alexcitationdesparcs.com\/wp\/wp-content\/uploads\/2013\/12\/ab-gare-gc3a9nc3a9ral.jpg?resize=180%2C120\" alt=\"AB Gare G\u00e9n\u00e9ral\" width=\"180\" height=\"120\" srcset=\"https:\/\/i0.wp.com\/alexcitationdesparcs.com\/wp\/wp-content\/uploads\/2013\/12\/ab-gare-gc3a9nc3a9ral.jpg?w=2835 2835w, https:\/\/i0.wp.com\/alexcitationdesparcs.com\/wp\/wp-content\/uploads\/2013\/12\/ab-gare-gc3a9nc3a9ral.jpg?resize=300%2C200 300w, https:\/\/i0.wp.com\/alexcitationdesparcs.com\/wp\/wp-content\/uploads\/2013\/12\/ab-gare-gc3a9nc3a9ral.jpg?resize=768%2C512 768w, https:\/\/i0.wp.com\/alexcitationdesparcs.com\/wp\/wp-content\/uploads\/2013\/12\/ab-gare-gc3a9nc3a9ral.jpg?resize=1024%2C683 1024w, https:\/\/i0.wp.com\/alexcitationdesparcs.com\/wp\/wp-content\/uploads\/2013\/12\/ab-gare-gc3a9nc3a9ral.jpg?resize=1200%2C800 1200w, https:\/\/i0.wp.com\/alexcitationdesparcs.com\/wp\/wp-content\/uploads\/2013\/12\/ab-gare-gc3a9nc3a9ral.jpg?w=948 948w, https:\/\/i0.wp.com\/alexcitationdesparcs.com\/wp\/wp-content\/uploads\/2013\/12\/ab-gare-gc3a9nc3a9ral.jpg?w=1422 1422w\" sizes=\"(max-width: 180px) 100vw, 180px\" data-recalc-dims=\"1\" \/><\/a>On y apprend aussi que\u00a0530 m3 de b\u00e9ton, 9 tonnes d\u2019acier et 1.600h de travail ont \u00e9t\u00e9 n\u00e9cessaires pour sa construction !<\/p>\n<p><img data-attachment-id=\"1832\" data-permalink=\"http:\/\/alexcitationdesparcs.com\/wp\/2013\/12\/20\/gare-davoue\/ab-gare-interieur\/\" data-orig-file=\"https:\/\/i0.wp.com\/alexcitationdesparcs.com\/wp\/wp-content\/uploads\/2013\/12\/ab-gare-intc3a9rieur.jpg?fit=2835%2C1890\" data-orig-size=\"2835,1890\" data-comments-opened=\"1\" data-image-meta=\"{&quot;aperture&quot;:&quot;3.5&quot;,&quot;credit&quot;:&quot;&quot;,&quot;camera&quot;:&quot;Canon EOS 60D&quot;,&quot;caption&quot;:&quot;&quot;,&quot;created_timestamp&quot;:&quot;1387369139&quot;,&quot;copyright&quot;:&quot;&quot;,&quot;focal_length&quot;:&quot;18&quot;,&quot;iso&quot;:&quot;100&quot;,&quot;shutter_speed&quot;:&quot;0.025&quot;,&quot;title&quot;:&quot;&quot;,&quot;orientation&quot;:&quot;1&quot;}\" data-image-title=\"AB Gare int\u00e9rieur\" data-image-description=\"\" data-image-caption=\"&lt;p&gt;Premi\u00e8re vue de la gare de l&amp;rsquo;attraction&lt;\/p&gt;\n\" data-medium-file=\"https:\/\/i0.wp.com\/alexcitationdesparcs.com\/wp\/wp-content\/uploads\/2013\/12\/ab-gare-intc3a9rieur.jpg?fit=300%2C200\" data-large-file=\"https:\/\/i0.wp.com\/alexcitationdesparcs.com\/wp\/wp-content\/uploads\/2013\/12\/ab-gare-intc3a9rieur.jpg?fit=474%2C316\" loading=\"lazy\" class=\"wp-image-1832 alignright\" src=\"https:\/\/i0.wp.com\/alexcitationdesparcs.com\/wp\/wp-content\/uploads\/2013\/12\/ab-gare-intc3a9rieur.jpg?resize=180%2C120\" alt=\"AB Gare int\u00e9rieur\" width=\"180\" height=\"120\" srcset=\"https:\/\/i0.wp.com\/alexcitationdesparcs.com\/wp\/wp-content\/uploads\/2013\/12\/ab-gare-intc3a9rieur.jpg?w=2835 2835w, https:\/\/i0.wp.com\/alexcitationdesparcs.com\/wp\/wp-content\/uploads\/2013\/12\/ab-gare-intc3a9rieur.jpg?resize=300%2C200 300w, https:\/\/i0.wp.com\/alexcitationdesparcs.com\/wp\/wp-content\/uploads\/2013\/12\/ab-gare-intc3a9rieur.jpg?resize=768%2C512 768w, https:\/\/i0.wp.com\/alexcitationdesparcs.com\/wp\/wp-content\/uploads\/2013\/12\/ab-gare-intc3a9rieur.jpg?resize=1024%2C683 1024w, https:\/\/i0.wp.com\/alexcitationdesparcs.com\/wp\/wp-content\/uploads\/2013\/12\/ab-gare-intc3a9rieur.jpg?resize=1200%2C800 1200w, https:\/\/i0.wp.com\/alexcitationdesparcs.com\/wp\/wp-content\/uploads\/2013\/12\/ab-gare-intc3a9rieur.jpg?w=948 948w, https:\/\/i0.wp.com\/alexcitationdesparcs.com\/wp\/wp-content\/uploads\/2013\/12\/ab-gare-intc3a9rieur.jpg?w=1422 1422w\" sizes=\"(max-width: 180px) 100vw, 180px\" data-recalc-dims=\"1\" \/><\/p>\n<p style=\"text-align: justify;\"><span style=\"line-height: 1.5em;\">A l&rsquo;int\u00e9rieur :\u00a0<\/span><span style=\"line-height: 1.5em;\">2 emplacements sont pr\u00e9vus dans la voie de garage.<\/span><\/p>\n<p style=\"text-align: justify;\">La gare fera 340m\u00b2 pour une hauteur de 12 m\u00e8tres soit environ 1\/3 de la hauteur du lift !<\/p>\n<p style=\"text-align: justify;\">Vivement les prochaines photos de ce grand chantier de l&rsquo;hiver pour les parcs fran\u00e7ais.<\/p>\n<p style=\"text-align: justify;\">\n<p><a href=\"https:\/\/i0.wp.com\/alexcitationdesparcs.com\/wp\/wp-content\/uploads\/2013\/12\/ab-gare-ext-2.jpg\"><img data-attachment-id=\"1831\" data-permalink=\"http:\/\/alexcitationdesparcs.com\/wp\/2013\/12\/20\/gare-davoue\/ab-gare-ext-2\/\" data-orig-file=\"https:\/\/i0.wp.com\/alexcitationdesparcs.com\/wp\/wp-content\/uploads\/2013\/12\/ab-gare-ext-2.jpg?fit=2835%2C1890\" data-orig-size=\"2835,1890\" data-comments-opened=\"1\" data-image-meta=\"{&quot;aperture&quot;:&quot;5.6&quot;,&quot;credit&quot;:&quot;&quot;,&quot;camera&quot;:&quot;Canon EOS 60D&quot;,&quot;caption&quot;:&quot;&quot;,&quot;created_timestamp&quot;:&quot;1387368894&quot;,&quot;copyright&quot;:&quot;&quot;,&quot;focal_length&quot;:&quot;20&quot;,&quot;iso&quot;:&quot;100&quot;,&quot;shutter_speed&quot;:&quot;0.01&quot;,&quot;title&quot;:&quot;&quot;,&quot;orientation&quot;:&quot;1&quot;}\" data-image-title=\"AB Gare Ext 2\" data-image-description=\"\" data-image-caption=\"\" data-medium-file=\"https:\/\/i0.wp.com\/alexcitationdesparcs.com\/wp\/wp-content\/uploads\/2013\/12\/ab-gare-ext-2.jpg?fit=300%2C200\" data-large-file=\"https:\/\/i0.wp.com\/alexcitationdesparcs.com\/wp\/wp-content\/uploads\/2013\/12\/ab-gare-ext-2.jpg?fit=474%2C316\" loading=\"lazy\" class=\"wp-image-1831 alignleft\" src=\"https:\/\/i0.wp.com\/alexcitationdesparcs.com\/wp\/wp-content\/uploads\/2013\/12\/ab-gare-ext-2.jpg?resize=210%2C140\" alt=\"AB Gare Ext 2\" width=\"210\" height=\"140\" srcset=\"https:\/\/i0.wp.com\/alexcitationdesparcs.com\/wp\/wp-content\/uploads\/2013\/12\/ab-gare-ext-2.jpg?w=2835 2835w, https:\/\/i0.wp.com\/alexcitationdesparcs.com\/wp\/wp-content\/uploads\/2013\/12\/ab-gare-ext-2.jpg?resize=300%2C200 300w, https:\/\/i0.wp.com\/alexcitationdesparcs.com\/wp\/wp-content\/uploads\/2013\/12\/ab-gare-ext-2.jpg?resize=768%2C512 768w, https:\/\/i0.wp.com\/alexcitationdesparcs.com\/wp\/wp-content\/uploads\/2013\/12\/ab-gare-ext-2.jpg?resize=1024%2C683 1024w, https:\/\/i0.wp.com\/alexcitationdesparcs.com\/wp\/wp-content\/uploads\/2013\/12\/ab-gare-ext-2.jpg?resize=1200%2C800 1200w, https:\/\/i0.wp.com\/alexcitationdesparcs.com\/wp\/wp-content\/uploads\/2013\/12\/ab-gare-ext-2.jpg?w=948 948w, https:\/\/i0.wp.com\/alexcitationdesparcs.com\/wp\/wp-content\/uploads\/2013\/12\/ab-gare-ext-2.jpg?w=1422 1422w\" sizes=\"(max-width: 210px) 100vw, 210px\" data-recalc-dims=\"1\" \/><\/a><a href=\"https:\/\/i0.wp.com\/alexcitationdesparcs.com\/wp\/wp-content\/uploads\/2013\/12\/ab-gare-depuis-lift.jpg\"><img data-attachment-id=\"1834\" data-permalink=\"http:\/\/alexcitationdesparcs.com\/wp\/2013\/12\/20\/gare-davoue\/ab-gare-depuis-lift\/\" data-orig-file=\"https:\/\/i0.wp.com\/alexcitationdesparcs.com\/wp\/wp-content\/uploads\/2013\/12\/ab-gare-depuis-lift.jpg?fit=2835%2C1890\" data-orig-size=\"2835,1890\" data-comments-opened=\"1\" data-image-meta=\"{&quot;aperture&quot;:&quot;4.5&quot;,&quot;credit&quot;:&quot;&quot;,&quot;camera&quot;:&quot;Canon EOS 60D&quot;,&quot;caption&quot;:&quot;&quot;,&quot;created_timestamp&quot;:&quot;1387385888&quot;,&quot;copyright&quot;:&quot;&quot;,&quot;focal_length&quot;:&quot;18&quot;,&quot;iso&quot;:&quot;100&quot;,&quot;shutter_speed&quot;:&quot;0.02&quot;,&quot;title&quot;:&quot;&quot;,&quot;orientation&quot;:&quot;1&quot;}\" data-image-title=\"AB Gare depuis lift\" data-image-description=\"\" data-image-caption=\"&lt;p&gt;Vue du lift d&amp;rsquo;Alpina Blitz&lt;\/p&gt;\n\" data-medium-file=\"https:\/\/i0.wp.com\/alexcitationdesparcs.com\/wp\/wp-content\/uploads\/2013\/12\/ab-gare-depuis-lift.jpg?fit=300%2C200\" data-large-file=\"https:\/\/i0.wp.com\/alexcitationdesparcs.com\/wp\/wp-content\/uploads\/2013\/12\/ab-gare-depuis-lift.jpg?fit=474%2C316\" loading=\"lazy\" class=\"wp-image-1834 alignright\" src=\"https:\/\/i0.wp.com\/alexcitationdesparcs.com\/wp\/wp-content\/uploads\/2013\/12\/ab-gare-depuis-lift.jpg?resize=210%2C140\" alt=\"AB Gare depuis lift\" width=\"210\" height=\"140\" srcset=\"https:\/\/i0.wp.com\/alexcitationdesparcs.com\/wp\/wp-content\/uploads\/2013\/12\/ab-gare-depuis-lift.jpg?w=2835 2835w, https:\/\/i0.wp.com\/alexcitationdesparcs.com\/wp\/wp-content\/uploads\/2013\/12\/ab-gare-depuis-lift.jpg?resize=300%2C200 300w, https:\/\/i0.wp.com\/alexcitationdesparcs.com\/wp\/wp-content\/uploads\/2013\/12\/ab-gare-depuis-lift.jpg?resize=768%2C512 768w, https:\/\/i0.wp.com\/alexcitationdesparcs.com\/wp\/wp-content\/uploads\/2013\/12\/ab-gare-depuis-lift.jpg?resize=1024%2C683 1024w, https:\/\/i0.wp.com\/alexcitationdesparcs.com\/wp\/wp-content\/uploads\/2013\/12\/ab-gare-depuis-lift.jpg?resize=1200%2C800 1200w, https:\/\/i0.wp.com\/alexcitationdesparcs.com\/wp\/wp-content\/uploads\/2013\/12\/ab-gare-depuis-lift.jpg?w=948 948w, https:\/\/i0.wp.com\/alexcitationdesparcs.com\/wp\/wp-content\/uploads\/2013\/12\/ab-gare-depuis-lift.jpg?w=1422 1422w\" sizes=\"(max-width: 210px) 100vw, 210px\" data-recalc-dims=\"1\" \/><\/a><\/p>\n\n<div class=\"twitter-share\"><a href=\"https:\/\/twitter.com\/intent\/tweet?via=parcalex\" class=\"twitter-share-button\">Tweet<\/a><\/div>\n","protected":false},"excerpt":{"rendered":"<p>En cette fin de semaine, le parc d&rsquo;attraction Nigloland a publi\u00e9 de nouvelles photos du chantier de sa future grande attraction Alpina Blitz. 4 clich\u00e9s mettant en sc\u00e8ne la gare de l&rsquo;attraction.\u00a0<\/p>\n","protected":false},"author":1,"featured_media":1832,"comment_status":"open","ping_status":"open","sticky":false,"template":"","format":"standard","meta":{"jetpack_post_was_ever_published":false,"jetpack_publicize_message":"","jetpack_is_tweetstorm":false,"jetpack_publicize_feature_enabled":true,"jetpack_social_post_already_shared":false,"jetpack_social_options":{"image_generator_settings":{"template":"highway","enabled":false}}},"categories":[2],"tags":[104,107,184,186,207,215,249,273,323,324,425,435,483,511,539,599,677,704],"jetpack_publicize_connections":[],"jetpack_featured_media_url":"https:\/\/i0.wp.com\/alexcitationdesparcs.com\/wp\/wp-content\/uploads\/2013\/12\/ab-gare-intc3a9rieur.jpg?fit=2835%2C1890","jetpack_sharing_enabled":true,"jetpack_shortlink":"https:\/\/wp.me\/p7s8OT-tw","jetpack-related-posts":[{"id":1874,"url":"http:\/\/alexcitationdesparcs.com\/wp\/2014\/01\/24\/les-travaux-continuent-a-dolancourt-chantier-alpina-blitz\/","url_meta":{"origin":1830,"position":0},"title":"Les travaux continuent \u00e0 Dolancourt ! (Chantier Alpina Blitz)","date":"24 janvier 2014","format":false,"excerpt":"De nouvelles photos viennent d'\u00eatre publi\u00e9e par le parc Nigloland concernant le chantier de sa nouvelle attraction Alpina Blitz qui emm\u00e8nera les nouveaux visiteurs sur cette montagne russe d\u00e8s le 12 avril prochain.\u00a0 Plus que 11 semaines de longue patience avant de pouvoir embarquer \u00e0 bord de ce nouveau Megacoaster.\u2026","rel":"","context":"Dans &quot;Actu de parcs&quot;","img":{"alt_text":"","src":"https:\/\/i0.wp.com\/alexcitationdesparcs.com\/wp\/wp-content\/uploads\/2014\/01\/lift.jpg?fit=800%2C1200&resize=350%2C200","width":350,"height":200},"classes":[]},{"id":4545,"url":"http:\/\/alexcitationdesparcs.com\/wp\/2019\/12\/14\/encore-du-nouveau-pour-nigloland-en-2020-et-2021\/","url_meta":{"origin":1830,"position":1},"title":"ENCORE DU NOUVEAU POUR NIGLOLAND EN 2020 ET 2021","date":"14 d\u00e9cembre 2019","format":"video","excerpt":"Derri\u00e8re la lettre N se cache le parc d'attraction aubois Nigloland. L'occasion en cette p\u00e9riode hivernale de faire le point sur les futures nouveaut\u00e9s du parc tenu par la famille G\u00e9lis. https:\/\/youtu.be\/W3exTxirO6Q","rel":"","context":"Dans &quot;ABECEDAIRE 2019&quot;","img":{"alt_text":"","src":"https:\/\/i0.wp.com\/alexcitationdesparcs.com\/wp\/wp-content\/uploads\/2019\/07\/Nigloland-Avril-2019-143.jpg?fit=1200%2C675&resize=350%2C200","width":350,"height":200},"classes":[]},{"id":1857,"url":"http:\/\/alexcitationdesparcs.com\/wp\/2014\/01\/14\/sommet-atteint\/","url_meta":{"origin":1830,"position":2},"title":"Sommet atteint !","date":"14 janvier 2014","format":false,"excerpt":"Le chantier de la nouvelle attraction du parc Nigloland continue \u00e0 Dolancourt... Et la direction vient de publier de nouvelle photos de l'avancement des travaux... Cette fois ci, on ne pourra pas monter plus haut ! Le lift du futur Megacoaster aubois est d\u00e9sormais install\u00e9 ! Sortant directement de la\u2026","rel":"","context":"Dans &quot;Actu de parcs&quot;","img":{"alt_text":"","src":"https:\/\/i0.wp.com\/alexcitationdesparcs.com\/wp\/wp-content\/uploads\/2014\/01\/wb6-ab-pose-sommet-lift.jpg?fit=1200%2C880&resize=350%2C200","width":350,"height":200},"classes":[]},{"id":4324,"url":"http:\/\/alexcitationdesparcs.com\/wp\/2019\/07\/10\/nigloland-devoile-sa-nouveaute-2020\/","url_meta":{"origin":1830,"position":3},"title":"Nigloland devoile sa nouveaute 2020","date":"10 juillet 2019","format":"image","excerpt":"Le parc d'attraction de l'Aube a officialis\u00e9 hier les premi\u00e8res informations sur sa prochaine nouveaut\u00e9. Un coaster familial qui sera install\u00e9 dans le Village Merveilleux. https:\/\/www.youtube.com\/watch?v=qaM06ltg-4s Le rendez-vous est d'ores et d\u00e9j\u00e0 donn\u00e9 en avril pour d\u00e9couvrir Noisette Express. Nigloland a lanc\u00e9 cette semaine le chantier de sa prochaine attraction\u2026","rel":"","context":"Dans &quot;Actu de parcs&quot;","img":{"alt_text":"","src":"https:\/\/i0.wp.com\/alexcitationdesparcs.com\/wp\/wp-content\/uploads\/2019\/07\/Nigloland-Avril-2019-93.jpg?fit=1200%2C675&resize=350%2C200","width":350,"height":200},"classes":[]},{"id":1914,"url":"http:\/\/alexcitationdesparcs.com\/wp\/2014\/02\/07\/cest-parti-pour-la-visite-de-chantier-alpinablitz-nigloland\/","url_meta":{"origin":1830,"position":4},"title":"C&rsquo;est parti pour la visite de chantier ! #Alpinablitz @Nigloland","date":"7 f\u00e9vrier 2014","format":"image","excerpt":"","rel":"","context":"Dans &quot;Actu de parcs&quot;","img":{"alt_text":"","src":"https:\/\/i0.wp.com\/alexcitationdesparcs.com\/wp\/wp-content\/uploads\/2013\/12\/wb2-1.jpg?fit=1200%2C828&resize=350%2C200","width":350,"height":200},"classes":[]},{"id":1813,"url":"http:\/\/alexcitationdesparcs.com\/wp\/2013\/12\/13\/premiers-pas-sur-le-lift-dalpina-blitz\/","url_meta":{"origin":1830,"position":5},"title":"Premiers pas sur le lift d&rsquo;Alpina Blitz","date":"13 d\u00e9cembre 2013","format":false,"excerpt":"Le rythme s'acc\u00e9l\u00e8re dans les travaux du futur Megacoaster MACK Rides du parc Nigloland \u00e0 Dolancourt. Le parc vient de publier de nouvelles photos du chantier et une bonne partie du lift semble d\u00e9sormais en place. Le\u00a0plus gros morceau du circuit mesurant 18 m\u00e8tres\u00a0a \u00e9t\u00e9 install\u00e9.\u00a0Cette pi\u00e8ce ma\u00eetresse accueillera le\u2026","rel":"","context":"Dans &quot;Actu de parcs&quot;","img":{"alt_text":"","src":"https:\/\/i0.wp.com\/alexcitationdesparcs.com\/wp\/wp-content\/uploads\/2013\/12\/wb2-4.jpg?fit=1200%2C800&resize=350%2C200","width":350,"height":200},"classes":[]}],"_links":{"self":[{"href":"http:\/\/alexcitationdesparcs.com\/wp\/wp-json\/wp\/v2\/posts\/1830"}],"collection":[{"href":"http:\/\/alexcitationdesparcs.com\/wp\/wp-json\/wp\/v2\/posts"}],"about":[{"href":"http:\/\/alexcitationdesparcs.com\/wp\/wp-json\/wp\/v2\/types\/post"}],"author":[{"embeddable":true,"href":"http:\/\/alexcitationdesparcs.com\/wp\/wp-json\/wp\/v2\/users\/1"}],"replies":[{"embeddable":true,"href":"http:\/\/alexcitationdesparcs.com\/wp\/wp-json\/wp\/v2\/comments?post=1830"}],"version-history":[{"count":1,"href":"http:\/\/alexcitationdesparcs.com\/wp\/wp-json\/wp\/v2\/posts\/1830\/revisions"}],"predecessor-version":[{"id":3109,"href":"http:\/\/alexcitationdesparcs.com\/wp\/wp-json\/wp\/v2\/posts\/1830\/revisions\/3109"}],"wp:featuredmedia":[{"embeddable":true,"href":"http:\/\/alexcitationdesparcs.com\/wp\/wp-json\/wp\/v2\/media\/1832"}],"wp:attachment":[{"href":"http:\/\/alexcitationdesparcs.com\/wp\/wp-json\/wp\/v2\/media?parent=1830"}],"wp:term":[{"taxonomy":"category","embeddable":true,"href":"http:\/\/alexcitationdesparcs.com\/wp\/wp-json\/wp\/v2\/categories?post=1830"},{"taxonomy":"post_tag","embeddable":true,"href":"http:\/\/alexcitationdesparcs.com\/wp\/wp-json\/wp\/v2\/tags?post=1830"}],"curies":[{"name":"wp","href":"https:\/\/api.w.org\/{rel}","templated":true}]}}