{"id":1896,"date":"2014-02-01T10:00:45","date_gmt":"2014-02-01T09:00:45","guid":{"rendered":"http:\/\/parcalex.wordpress.com\/?p=1896"},"modified":"2016-03-23T17:56:33","modified_gmt":"2016-03-23T16:56:33","slug":"encore-10-semaines-dattente","status":"publish","type":"post","link":"http:\/\/alexcitationdesparcs.com\/wp\/2014\/02\/01\/encore-10-semaines-dattente\/","title":{"rendered":"Quel T-shirt porter pour rider Alpina Blitz ?"},"content":{"rendered":"<p>Le chantier d&rsquo;<strong>Alpina Blitz<\/strong> continue \u00e0 Nigloland. Plus que 10 petites semaines nous s\u00e9parent de la r\u00e9ouverture du parc aubois et les ouvriers ont encore fort \u00e0 faire d&rsquo;ici ce 12 avril, date \u00e0 laquelle ce<strong> Megacoaster<\/strong> <strong>Mack Rides<\/strong>\u00a0prendra ses premiers passagers \u00e0 Dolancourt !<!--more--><\/p>\n<p><a href=\"https:\/\/i0.wp.com\/alexcitationdesparcs.com\/wp\/wp-content\/uploads\/2014\/01\/4tshirt.jpg\"><img data-attachment-id=\"1901\" data-permalink=\"http:\/\/alexcitationdesparcs.com\/wp\/2014\/02\/01\/encore-10-semaines-dattente\/4tshirt\/\" data-orig-file=\"https:\/\/i0.wp.com\/alexcitationdesparcs.com\/wp\/wp-content\/uploads\/2014\/01\/4tshirt.jpg?fit=960%2C720\" data-orig-size=\"960,720\" data-comments-opened=\"1\" data-image-meta=\"{&quot;aperture&quot;:&quot;0&quot;,&quot;credit&quot;:&quot;&quot;,&quot;camera&quot;:&quot;&quot;,&quot;caption&quot;:&quot;&quot;,&quot;created_timestamp&quot;:&quot;0&quot;,&quot;copyright&quot;:&quot;&quot;,&quot;focal_length&quot;:&quot;0&quot;,&quot;iso&quot;:&quot;0&quot;,&quot;shutter_speed&quot;:&quot;0&quot;,&quot;title&quot;:&quot;&quot;,&quot;orientation&quot;:&quot;0&quot;}\" data-image-title=\"4tshirt\" data-image-description=\"\" data-image-caption=\"\" data-medium-file=\"https:\/\/i0.wp.com\/alexcitationdesparcs.com\/wp\/wp-content\/uploads\/2014\/01\/4tshirt.jpg?fit=300%2C225\" data-large-file=\"https:\/\/i0.wp.com\/alexcitationdesparcs.com\/wp\/wp-content\/uploads\/2014\/01\/4tshirt.jpg?fit=474%2C356\" loading=\"lazy\" class=\"alignright size-medium wp-image-1901\" src=\"https:\/\/i0.wp.com\/alexcitationdesparcs.com\/wp\/wp-content\/uploads\/2014\/01\/4tshirt.jpg?resize=300%2C225\" alt=\"4tshirt\" width=\"300\" height=\"225\" srcset=\"https:\/\/i0.wp.com\/alexcitationdesparcs.com\/wp\/wp-content\/uploads\/2014\/01\/4tshirt.jpg?w=960 960w, https:\/\/i0.wp.com\/alexcitationdesparcs.com\/wp\/wp-content\/uploads\/2014\/01\/4tshirt.jpg?resize=300%2C225 300w, https:\/\/i0.wp.com\/alexcitationdesparcs.com\/wp\/wp-content\/uploads\/2014\/01\/4tshirt.jpg?resize=768%2C576 768w\" sizes=\"(max-width: 300px) 100vw, 300px\" data-recalc-dims=\"1\" \/><\/a>Cette semaine pas de nouveau clich\u00e9 de l&rsquo;avanc\u00e9e des travaux mais <strong>un vote<\/strong> lanc\u00e9 par la direction du parc sur leur page Facebook. <strong>4 prototypes de Tshirt<\/strong> ont \u00e9t\u00e9 soumis \u00e0 votre appr\u00e9ciation. Celui dont<strong> la photo\u00a0aura reccueilli le plus de like<\/strong> sera \u00e9dit\u00e9 et vendu comme <strong>souvenir sur le parc<\/strong>. D\u00e9p\u00eachez vous les votes seront arr\u00eat\u00e9s en d\u00e9but de semaine prochaine. Il ne vous <strong>reste que ce week-end pour faire votre choix<\/strong>. On l&rsquo;avoue, le notre se porte beaucoup plus sur celui en bas \u00e0 droite&#8230; mais ce n&rsquo;est que notre avis !\u00a0Alors vous aussi allez\u00a0<a href=\"https:\/\/www.facebook.com\/media\/set\/?set=a.10152259526569497.1073741834.27184519496&amp;type=1\" target=\"_blank\">faire entendre votre voix sur la page Facebook du Parc<\/a>.<\/p>\n<p>Nigloland pourrait \u00e9galement proposer <strong>quelques autres goodies<\/strong> \u00e0 l&rsquo;effigie de leur nouvelle grande attraction. On parle de 4 ou 5 produits au total mais rien de compl\u00e8tement arr\u00eat\u00e9 pour le moment.<\/p>\n\n\n<div id=\"gslideshow\" class=\"gss-container no-captions\">\n\t<div class=\"cycle-slideshow\" \n\t\tdata-cycle-slides=\"> a\"\n\t\tdata-cycle-paused=\"true\"\n\t\tdata-cycle-prev=\"#gslideshow_prev\"\n\t\tdata-cycle-next=\"#gslideshow_next\"\n\t\tdata-cycle-pager=\"#gslideshow_pager\"\n\t\tdata-cycle-pager-template=\"<a href=#>&nbsp;<\/a>\"\n\t\tdata-cycle-speed=\"750\"\n\t\t>\n\t\t\t<a href=\"http:\/\/alexcitationdesparcs.com\/wp\/2014\/02\/01\/encore-10-semaines-dattente\/tshirt1\/\" data-cycle-caption=\"\"><img src=\"https:\/\/i0.wp.com\/alexcitationdesparcs.com\/wp\/wp-content\/uploads\/2014\/01\/tshirt1.jpg?fit=1257%2C1777\" title=\"Tshirt1\" alt=\"Tshirt1\" \/><\/a>\n\n\t\t\t<a href=\"http:\/\/alexcitationdesparcs.com\/wp\/2014\/02\/01\/encore-10-semaines-dattente\/tshirt2\/\" data-cycle-caption=\"\"><img src=\"https:\/\/i0.wp.com\/alexcitationdesparcs.com\/wp\/wp-content\/uploads\/2014\/01\/tshirt2.jpg?fit=1257%2C1777\" title=\"Tshirt2\" alt=\"Tshirt2\" \/><\/a>\n\n\t\t\t<a href=\"http:\/\/alexcitationdesparcs.com\/wp\/2014\/02\/01\/encore-10-semaines-dattente\/tshirt3\/\" data-cycle-caption=\"\"><img src=\"https:\/\/i0.wp.com\/alexcitationdesparcs.com\/wp\/wp-content\/uploads\/2014\/01\/tshirt3.jpg?fit=1000%2C1414\" title=\"Tshirt3\" alt=\"Tshirt3\" \/><\/a>\n\n\t\t\t<a href=\"http:\/\/alexcitationdesparcs.com\/wp\/2014\/02\/01\/encore-10-semaines-dattente\/tshirt4\/\" data-cycle-caption=\"\"><img src=\"https:\/\/i0.wp.com\/alexcitationdesparcs.com\/wp\/wp-content\/uploads\/2014\/01\/tshirt4.jpg?fit=1257%2C1777\" title=\"Tshirt4\" alt=\"Tshirt4\" \/><\/a>\n\n\t\t\t<a href=\"http:\/\/alexcitationdesparcs.com\/wp\/2013\/12\/09\/de-nouvelles-photos-pour-alpina-blitz\/visuel-ab\/\" data-cycle-caption=\"\"><img src=\"https:\/\/i0.wp.com\/alexcitationdesparcs.com\/wp\/wp-content\/uploads\/2013\/12\/visuel-ab.jpg?fit=939%2C302\" title=\"visuel AB\" alt=\"visuel AB\" \/><\/a>\n\t<\/div>\n\t<div class=\"gss-info\">\n\t\t<div class=\"gss-nav\"><div id=\"gslideshow_prev\" class=\"gss-prev\">&lt;<\/div><div id=\"gslideshow_play\" class=\"gss-play\">&#9658;<\/div><div id=\"gslideshow_next\" class=\"gss-next\">&gt;<\/div><\/div>\n\t\t\t<div id=\"gslideshow_pager\" class=\"gss-pager\"><\/div>\n\t<\/div>\n<\/div>\n\n\n\n<div class=\"twitter-share\"><a href=\"https:\/\/twitter.com\/intent\/tweet?via=parcalex\" class=\"twitter-share-button\">Tweet<\/a><\/div>\n","protected":false},"excerpt":{"rendered":"<p>Le chantier d&rsquo;Alpina Blitz continue \u00e0 Nigloland. Plus que 10 petites semaines nous s\u00e9parent de la r\u00e9ouverture du parc aubois et les ouvriers ont encore fort \u00e0 faire d&rsquo;ici ce 12 avril, date \u00e0 laquelle ce Megacoaster Mack Rides\u00a0prendra ses premiers passagers \u00e0 Dolancourt !<\/p>\n","protected":false},"author":1,"featured_media":1901,"comment_status":"open","ping_status":"open","sticky":false,"template":"","format":"standard","meta":{"jetpack_post_was_ever_published":false,"jetpack_publicize_message":"","jetpack_is_tweetstorm":false,"jetpack_publicize_feature_enabled":true,"jetpack_social_post_already_shared":false,"jetpack_social_options":{"image_generator_settings":{"template":"highway","enabled":false}}},"categories":[2],"tags":[77,102,104,142,184,190,207,249,272,276,425,458,483,511,521,599,607,629,677],"jetpack_publicize_connections":[],"jetpack_featured_media_url":"https:\/\/i0.wp.com\/alexcitationdesparcs.com\/wp\/wp-content\/uploads\/2014\/01\/4tshirt.jpg?fit=960%2C720","jetpack_sharing_enabled":true,"jetpack_shortlink":"https:\/\/wp.me\/p7s8OT-uA","jetpack-related-posts":[{"id":1927,"url":"http:\/\/alexcitationdesparcs.com\/wp\/2014\/04\/05\/avant-premiere-dalpina-blitz-a-nigloland\/","url_meta":{"origin":1896,"position":0},"title":"Avant Premi\u00e8re d&rsquo;Alpina Blitz \u00e0 Nigloland","date":"5 avril 2014","format":"video","excerpt":"Dans une semaine, le parc d'attractions Nigloland a Dolancourt ouvrira ses portes pour une nouvelle saison. Nous avons pu tester la nouvelle attraction du parc aubois Alpina Blitz. D\u00e9couvrez notre reportage ! http:\/\/www.youtube.com\/watch?v=-SGoQpcFBHE \u00a0","rel":"","context":"Dans &quot;ALEX Citation TV&quot;","img":{"alt_text":"","src":"https:\/\/i0.wp.com\/alexcitationdesparcs.com\/wp\/wp-content\/uploads\/2014\/01\/wb6-first-drop.jpg?fit=1200%2C706&resize=350%2C200","width":350,"height":200},"classes":[]},{"id":1757,"url":"http:\/\/alexcitationdesparcs.com\/wp\/2013\/12\/09\/de-nouvelles-photos-pour-alpina-blitz\/","url_meta":{"origin":1896,"position":1},"title":"De nouvelles photos pour Alpina Blitz","date":"9 d\u00e9cembre 2013","format":false,"excerpt":"Nigloland a bien decid\u00e9 de tenir en haleine ses fans jusqu'au 12 avril prochain, date de l'ouverture du nouveau coaster du parc aubois, Alpina Blitz. Cet apr\u00e8s-midi, le parc d\u00e9voil\u00e9 de nouvelles images du chantier \u00e0 Dolancourt. \u00a0 Le parc nous indique que le premier rail a \u00e9t\u00e9 pos\u00e9. Il\u2026","rel":"","context":"Dans &quot;Actu de parcs&quot;","img":{"alt_text":"","src":"https:\/\/i0.wp.com\/alexcitationdesparcs.com\/wp\/wp-content\/uploads\/2013\/12\/pose-du-1er-rail_alipna-blitz_2.jpg?fit=1200%2C800&resize=350%2C200","width":350,"height":200},"classes":[]},{"id":1754,"url":"http:\/\/alexcitationdesparcs.com\/wp\/2013\/12\/08\/retour-sur-une-saison-a-nigloland\/","url_meta":{"origin":1896,"position":2},"title":"Retour sur une saison \u00e0 Nigloland","date":"8 d\u00e9cembre 2013","format":"video","excerpt":"Apr\u00e8s beaucoup de boulot, nous avons finalis\u00e9 ce soir le montage de l'interview de Philippe G\u00e9lis, patron de Nigloland sur la saison qui vient de se terminer.\u00a0D\u00e8s le 3 Novembre il \u00e9voquait avec nous les travaux d'Alpina Blitz qui ont d\u00e9but\u00e9 il y a 15 jours \u00e0 Dolancourt mais aussi\u2026","rel":"","context":"Dans &quot;ALEX Citation TV&quot;","img":{"alt_text":"","src":"https:\/\/i0.wp.com\/alexcitationdesparcs.com\/wp\/wp-content\/uploads\/2013\/10\/img_2382.jpg?fit=1200%2C800&resize=350%2C200","width":350,"height":200},"classes":[]},{"id":1874,"url":"http:\/\/alexcitationdesparcs.com\/wp\/2014\/01\/24\/les-travaux-continuent-a-dolancourt-chantier-alpina-blitz\/","url_meta":{"origin":1896,"position":3},"title":"Les travaux continuent \u00e0 Dolancourt ! (Chantier Alpina Blitz)","date":"24 janvier 2014","format":false,"excerpt":"De nouvelles photos viennent d'\u00eatre publi\u00e9e par le parc Nigloland concernant le chantier de sa nouvelle attraction Alpina Blitz qui emm\u00e8nera les nouveaux visiteurs sur cette montagne russe d\u00e8s le 12 avril prochain.\u00a0 Plus que 11 semaines de longue patience avant de pouvoir embarquer \u00e0 bord de ce nouveau Megacoaster.\u2026","rel":"","context":"Dans &quot;Actu de parcs&quot;","img":{"alt_text":"","src":"https:\/\/i0.wp.com\/alexcitationdesparcs.com\/wp\/wp-content\/uploads\/2014\/01\/lift.jpg?fit=800%2C1200&resize=350%2C200","width":350,"height":200},"classes":[]},{"id":1813,"url":"http:\/\/alexcitationdesparcs.com\/wp\/2013\/12\/13\/premiers-pas-sur-le-lift-dalpina-blitz\/","url_meta":{"origin":1896,"position":4},"title":"Premiers pas sur le lift d&rsquo;Alpina Blitz","date":"13 d\u00e9cembre 2013","format":false,"excerpt":"Le rythme s'acc\u00e9l\u00e8re dans les travaux du futur Megacoaster MACK Rides du parc Nigloland \u00e0 Dolancourt. Le parc vient de publier de nouvelles photos du chantier et une bonne partie du lift semble d\u00e9sormais en place. Le\u00a0plus gros morceau du circuit mesurant 18 m\u00e8tres\u00a0a \u00e9t\u00e9 install\u00e9.\u00a0Cette pi\u00e8ce ma\u00eetresse accueillera le\u2026","rel":"","context":"Dans &quot;Actu de parcs&quot;","img":{"alt_text":"","src":"https:\/\/i0.wp.com\/alexcitationdesparcs.com\/wp\/wp-content\/uploads\/2013\/12\/wb2-4.jpg?fit=1200%2C800&resize=350%2C200","width":350,"height":200},"classes":[]},{"id":1931,"url":"http:\/\/alexcitationdesparcs.com\/wp\/2014\/04\/09\/alpina-blitz-dun-point-de-vue-particulier\/","url_meta":{"origin":1896,"position":5},"title":"Alpina Blitz&#8230; d&rsquo;un point de vue particulier !","date":"9 avril 2014","format":"video","excerpt":"Apr\u00e8s notre premier reportage publi\u00e9 il y a quelques jours, voici donc notre vid\u00e9o \"bonus\". Nous avons eu la chance de rider la nouvelle attraction du parc aubois en fin de semaine derni\u00e8re (d\u00e9j\u00e0 7 tours \u00e0 mon actif alors que le parc n'est pas encore officiellement ouvert, c'est un\u2026","rel":"","context":"Dans &quot;ALEX Citation TV&quot;","img":{"alt_text":"","src":"https:\/\/i0.wp.com\/alexcitationdesparcs.com\/wp\/wp-content\/uploads\/2014\/04\/img_3246.jpg?fit=1200%2C800&resize=350%2C200","width":350,"height":200},"classes":[]}],"_links":{"self":[{"href":"http:\/\/alexcitationdesparcs.com\/wp\/wp-json\/wp\/v2\/posts\/1896"}],"collection":[{"href":"http:\/\/alexcitationdesparcs.com\/wp\/wp-json\/wp\/v2\/posts"}],"about":[{"href":"http:\/\/alexcitationdesparcs.com\/wp\/wp-json\/wp\/v2\/types\/post"}],"author":[{"embeddable":true,"href":"http:\/\/alexcitationdesparcs.com\/wp\/wp-json\/wp\/v2\/users\/1"}],"replies":[{"embeddable":true,"href":"http:\/\/alexcitationdesparcs.com\/wp\/wp-json\/wp\/v2\/comments?post=1896"}],"version-history":[{"count":3,"href":"http:\/\/alexcitationdesparcs.com\/wp\/wp-json\/wp\/v2\/posts\/1896\/revisions"}],"predecessor-version":[{"id":3105,"href":"http:\/\/alexcitationdesparcs.com\/wp\/wp-json\/wp\/v2\/posts\/1896\/revisions\/3105"}],"wp:featuredmedia":[{"embeddable":true,"href":"http:\/\/alexcitationdesparcs.com\/wp\/wp-json\/wp\/v2\/media\/1901"}],"wp:attachment":[{"href":"http:\/\/alexcitationdesparcs.com\/wp\/wp-json\/wp\/v2\/media?parent=1896"}],"wp:term":[{"taxonomy":"category","embeddable":true,"href":"http:\/\/alexcitationdesparcs.com\/wp\/wp-json\/wp\/v2\/categories?post=1896"},{"taxonomy":"post_tag","embeddable":true,"href":"http:\/\/alexcitationdesparcs.com\/wp\/wp-json\/wp\/v2\/tags?post=1896"}],"curies":[{"name":"wp","href":"https:\/\/api.w.org\/{rel}","templated":true}]}}