{"id":3515,"date":"2017-12-02T08:28:56","date_gmt":"2017-12-02T07:28:56","guid":{"rendered":"http:\/\/alexcitationdesparcs.com\/wp\/?p=3515"},"modified":"2017-12-02T08:28:58","modified_gmt":"2017-12-02T07:28:58","slug":"pour-ses-25-ans-disney-soffre-une-cure-de-jeunesse","status":"publish","type":"post","link":"http:\/\/alexcitationdesparcs.com\/wp\/2017\/12\/02\/pour-ses-25-ans-disney-soffre-une-cure-de-jeunesse\/","title":{"rendered":"Pour ses 25 ans Disney s&rsquo;offre une cure de jeunesse"},"content":{"rendered":"<p style=\"text-align: justify\"><strong><em>Un nouveau cap de pass\u00e9 pour la souris de Marne la Vall\u00e9e. En ce mois d&rsquo;avril 2017, Mickey a c\u00e9l\u00e9br\u00e9 ses 25 ans d&rsquo;implantation en France. L&rsquo;occasion de donner une nouveau souffle \u00e0 la premi\u00e8re destination touristique d&rsquo;Europe.\u00a0<\/em><\/strong><!--more-->12 avril, date anniversaire. L&rsquo;occasion d&rsquo;une grande f\u00eate et c\u00e9l\u00e9bration sp\u00e9ciale avec la sortie de nombreux personnages rares pour une grande parade d&rsquo;ouverture \u00e0 laquelle ont particip\u00e9 une bonne partie des cast-members.\u00a0Un long show de pr\u00e8s d&rsquo;une heure a entam\u00e9 une journ\u00e9e qui s\u2019annon\u00e7ait \u00e9blouissante et qui donnait \u00ab\u00a0la chair de poulet\u00a0\u00bb \u00e0 sa PDG Catherine Powell en fran\u00e7ais dans le texte. Plusieurs animations ont rythm\u00e9 la journ\u00e9e, en grande partie des spectacles de la nouvelle saison c\u00e9l\u00e9brant ce grand anniversaire.<\/p>\n<p style=\"text-align: justify\"><strong><em>Un parc remis \u00e0 neuf<\/em><\/strong><\/p>\n<p style=\"text-align: justify\"><a href=\"https:\/\/i0.wp.com\/alexcitationdesparcs.com\/wp\/wp-content\/uploads\/2017\/11\/img_7115.jpg\"><img data-attachment-id=\"3649\" data-permalink=\"http:\/\/alexcitationdesparcs.com\/wp\/2017\/12\/02\/pour-ses-25-ans-disney-soffre-une-cure-de-jeunesse\/img_7115\/\" data-orig-file=\"https:\/\/i0.wp.com\/alexcitationdesparcs.com\/wp\/wp-content\/uploads\/2017\/11\/img_7115.jpg?fit=4032%2C3024\" data-orig-size=\"4032,3024\" data-comments-opened=\"1\" data-image-meta=\"{&quot;aperture&quot;:&quot;0&quot;,&quot;credit&quot;:&quot;&quot;,&quot;camera&quot;:&quot;&quot;,&quot;caption&quot;:&quot;&quot;,&quot;created_timestamp&quot;:&quot;0&quot;,&quot;copyright&quot;:&quot;&quot;,&quot;focal_length&quot;:&quot;0&quot;,&quot;iso&quot;:&quot;0&quot;,&quot;shutter_speed&quot;:&quot;0&quot;,&quot;title&quot;:&quot;&quot;,&quot;orientation&quot;:&quot;1&quot;}\" data-image-title=\"img_7115\" data-image-description=\"\" data-image-caption=\"\" data-medium-file=\"https:\/\/i0.wp.com\/alexcitationdesparcs.com\/wp\/wp-content\/uploads\/2017\/11\/img_7115.jpg?fit=300%2C225\" data-large-file=\"https:\/\/i0.wp.com\/alexcitationdesparcs.com\/wp\/wp-content\/uploads\/2017\/11\/img_7115.jpg?fit=474%2C356\" loading=\"lazy\" src=\"https:\/\/i0.wp.com\/alexcitationdesparcs.com\/wp\/wp-content\/uploads\/2017\/11\/img_7115.jpg?resize=300%2C225\" class=\"size-medium wp-image-3649 alignright\" height=\"225\" alt=\"\" width=\"300\" srcset=\"https:\/\/i0.wp.com\/alexcitationdesparcs.com\/wp\/wp-content\/uploads\/2017\/11\/img_7115.jpg?resize=300%2C225 300w, https:\/\/i0.wp.com\/alexcitationdesparcs.com\/wp\/wp-content\/uploads\/2017\/11\/img_7115.jpg?resize=768%2C576 768w, https:\/\/i0.wp.com\/alexcitationdesparcs.com\/wp\/wp-content\/uploads\/2017\/11\/img_7115.jpg?resize=1024%2C768 1024w, https:\/\/i0.wp.com\/alexcitationdesparcs.com\/wp\/wp-content\/uploads\/2017\/11\/img_7115.jpg?w=948 948w, https:\/\/i0.wp.com\/alexcitationdesparcs.com\/wp\/wp-content\/uploads\/2017\/11\/img_7115.jpg?w=1422 1422w\" sizes=\"(max-width: 300px) 100vw, 300px\" data-recalc-dims=\"1\" \/><\/a>Mais chez Mickey, un anniversaire ne se f\u00eate pas qu&rsquo;une seule journ\u00e9e et le parc qui repassera tr\u00e8s vite sous la direction de la maison m\u00e8re la Walt Disney Company doit se racheter une image.<br \/>\nLe resort a souffert lors des exercices pr\u00e9c\u00e9dents d&rsquo;un nombre important de r\u00e9novations entra\u00eenant de nombreuses fermetures d&rsquo;attractions. Ce sera encore le cas principalement jusqu&rsquo;\u00e0\u00a0 l&rsquo;\u00e9t\u00e9 et la r\u00e9ouverture de Pirates des Cara\u00efbes. Certaines d&rsquo;entre elles se justifient totalement tant le r\u00e9sultat au retour est impressionnant et captivant. C&rsquo;est le cas notamment de Star Tours 2 o\u00f9 l&rsquo;on a vraiment cette impression d&rsquo;\u00e9norme chantier bien accompli. D&rsquo;autres nous laissent un peu sur notre faim \u00e0 l&rsquo;image de Big Thunder Mountain, qui malgr\u00e9 une fermeture de plus d&rsquo;un an continue d&rsquo;accumuler les interruptions et dont les effets ajout\u00e9s ne sont pas toujours fonctionnels ou encore la nouvelle immersion de Space Mountain autour de l&rsquo;univers Star Wars qui me laisse une impression de rat\u00e9. Les projections sont trop lumineuses et laissent entrevoir beaucoup plus le parcours qu&rsquo;avant et certains effets font cheap d\u00e8s le d\u00e9but de ride et notamment l&rsquo;effet de vitesse lumi\u00e8re diffus\u00e9 sur un vulgaire \u00e9cran. On ne fait pas pire que Mission 2 dans ses derni\u00e8res heures mais en m\u00eame temps ce n&rsquo;\u00e9tait pas tr\u00e8s compliqu\u00e9. En revanche, on notera le bon point du changement des trains \u00e9voqu\u00e9 depuis de (tr\u00e8s) nombreuses ann\u00e9es avec des harnais plus souples. Les cervicales des visiteurs en sont ravies.<strong><em>\u00a0<\/em><\/strong><\/p>\n<p style=\"text-align: justify\"><strong><em>Un nouveau show nocturne\u00a0<\/em><\/strong><\/p>\n<p style=\"text-align: justify\"><a href=\"https:\/\/i0.wp.com\/alexcitationdesparcs.com\/wp\/wp-content\/uploads\/2017\/11\/img_7948.jpg\"><img data-attachment-id=\"3648\" data-permalink=\"http:\/\/alexcitationdesparcs.com\/wp\/2017\/12\/02\/pour-ses-25-ans-disney-soffre-une-cure-de-jeunesse\/img_7948\/\" data-orig-file=\"https:\/\/i0.wp.com\/alexcitationdesparcs.com\/wp\/wp-content\/uploads\/2017\/11\/img_7948.jpg?fit=3024%2C3024\" data-orig-size=\"3024,3024\" data-comments-opened=\"1\" data-image-meta=\"{&quot;aperture&quot;:&quot;0&quot;,&quot;credit&quot;:&quot;&quot;,&quot;camera&quot;:&quot;&quot;,&quot;caption&quot;:&quot;&quot;,&quot;created_timestamp&quot;:&quot;0&quot;,&quot;copyright&quot;:&quot;&quot;,&quot;focal_length&quot;:&quot;0&quot;,&quot;iso&quot;:&quot;0&quot;,&quot;shutter_speed&quot;:&quot;0&quot;,&quot;title&quot;:&quot;&quot;,&quot;orientation&quot;:&quot;1&quot;}\" data-image-title=\"img_7948\" data-image-description=\"\" data-image-caption=\"\" data-medium-file=\"https:\/\/i0.wp.com\/alexcitationdesparcs.com\/wp\/wp-content\/uploads\/2017\/11\/img_7948.jpg?fit=300%2C300\" data-large-file=\"https:\/\/i0.wp.com\/alexcitationdesparcs.com\/wp\/wp-content\/uploads\/2017\/11\/img_7948.jpg?fit=474%2C474\" loading=\"lazy\" src=\"https:\/\/i0.wp.com\/alexcitationdesparcs.com\/wp\/wp-content\/uploads\/2017\/11\/img_7948.jpg?resize=300%2C300\" class=\"size-medium alignleft wp-image-3648\" height=\"300\" alt=\"\" width=\"300\" srcset=\"https:\/\/i0.wp.com\/alexcitationdesparcs.com\/wp\/wp-content\/uploads\/2017\/11\/img_7948.jpg?resize=300%2C300 300w, https:\/\/i0.wp.com\/alexcitationdesparcs.com\/wp\/wp-content\/uploads\/2017\/11\/img_7948.jpg?resize=150%2C150 150w, https:\/\/i0.wp.com\/alexcitationdesparcs.com\/wp\/wp-content\/uploads\/2017\/11\/img_7948.jpg?resize=768%2C768 768w, https:\/\/i0.wp.com\/alexcitationdesparcs.com\/wp\/wp-content\/uploads\/2017\/11\/img_7948.jpg?resize=1024%2C1024 1024w, https:\/\/i0.wp.com\/alexcitationdesparcs.com\/wp\/wp-content\/uploads\/2017\/11\/img_7948.jpg?w=948 948w, https:\/\/i0.wp.com\/alexcitationdesparcs.com\/wp\/wp-content\/uploads\/2017\/11\/img_7948.jpg?w=1422 1422w\" sizes=\"(max-width: 300px) 100vw, 300px\" data-recalc-dims=\"1\" \/><\/a>Enfin au del\u00e0 des animations sp\u00e9ciale. Ce 25\u00e8me anniversaire marque le renouveau sur le ch\u00e2teau avec la projection d&rsquo;un tout nouveau spectacle de cl\u00f4ture : Disney Illuminations.<br \/>\nLe spectacle est loin d&rsquo;\u00eatre mauvais, bien au contraire, on y retrouve \u00e9videment des grands classiques Disney du Roi Lion \u00e0 la Petite Sir\u00e8ne, mais aussi des s\u00e9quences autour de Nemo Star Wars ou Pirates des Cara\u00efbes. On peut d&rsquo;ailleurs y trouver une id\u00e9e de ce que doit \u00eatre un spectacle de cl\u00f4ture : rappeler les bons moment de la journ\u00e9e dans le parc. D&rsquo;autres s\u00e9quences sont plus poussives comme la Belle et la B\u00eate utilisant quelques images du film \u00e0 peine sorti au lancement du show comme s&rsquo;il fallait le \u00ab\u00a0vendre\u00a0\u00bb au public ou encore la Reine Des Neiges et une s\u00e9quence tr\u00e8s longue utilisant 3 titres du film avant d&rsquo;envoyer le final. On peut faire le m\u00eame reproche de longueur \u00e0 Simba et ses amis qui nous partagent deux sublimes chansons d&rsquo;Elton John. Mickey reste tout de m\u00eame pr\u00e9sent par apparitions tout au long des 20 minutes de projections.<br \/>\nGraphiquement le spectacle se tient tr\u00e8s bien, les effets lumineux aquatiques et pyrotechniques sont parfaitement utilis\u00e9s mais je trouve l&rsquo;ensemble manque de rythme et parfois d&rsquo;un fil conducteur et peut-\u00eatre m\u00eame d&rsquo;un peu d&rsquo;\u00e9motion et de magie.<br \/>\nEn r\u00e9alit\u00e9, Illuminations souffre d&rsquo;un \u00e9norme probl\u00e8me de comparaison avec son pr\u00e9d\u00e9cesseur Disney Dreams qui nous racontait une histoire d&rsquo;un bout \u00e0 l&rsquo;autre et qui \u00e9tait moins in\u00e9gal en terme de dur\u00e9e de tableaux.<\/p>\n<p style=\"text-align: justify\">Cela reste tout de m\u00eame un bon moyen de finir une journ\u00e9e sur le parc., notamment pour les personnes ne le visitant pas r\u00e9guli\u00e8rement.<\/p>\n<p style=\"text-align: justify\">La destination affiche donc pour cet anniversaire une belle volont\u00e9 de renouvellement plus que r\u00e9elles nouveaut\u00e9s.\u00a0 De quoi pr\u00e9sager de belles choses pour l&rsquo;avenir si le cap se maintient et que les visiteurs restent au rendez-vous comme ils semblent l&rsquo;\u00eatre cette ann\u00e9e gr\u00e2ce \u00e0 une belle communication pour ces 25 ans.<\/p>\n<p class=\"jetpack-slideshow-noscript robots-nocontent\">Ce diaporama n\u00e9cessite JavaScript.<\/p><div id=\"gallery-3515-1-slideshow\" class=\"jetpack-slideshow-window jetpack-slideshow jetpack-slideshow-black\" data-trans=\"fade\" data-autostart=\"1\" data-gallery=\"[{&quot;src&quot;:&quot;https:\\\/\\\/i0.wp.com\\\/alexcitationdesparcs.com\\\/wp\\\/wp-content\\\/uploads\\\/2017\\\/11\\\/img_8256.jpg?fit=474%2C356&quot;,&quot;id&quot;:&quot;3650&quot;,&quot;title&quot;:&quot;img_8256&quot;,&quot;alt&quot;:&quot;&quot;,&quot;caption&quot;:&quot;&quot;,&quot;itemprop&quot;:&quot;image&quot;},{&quot;src&quot;:&quot;https:\\\/\\\/i0.wp.com\\\/alexcitationdesparcs.com\\\/wp\\\/wp-content\\\/uploads\\\/2017\\\/11\\\/img_7116.jpg?fit=474%2C474&quot;,&quot;id&quot;:&quot;3647&quot;,&quot;title&quot;:&quot;img_7116&quot;,&quot;alt&quot;:&quot;&quot;,&quot;caption&quot;:&quot;&quot;,&quot;itemprop&quot;:&quot;image&quot;},{&quot;src&quot;:&quot;https:\\\/\\\/i0.wp.com\\\/alexcitationdesparcs.com\\\/wp\\\/wp-content\\\/uploads\\\/2017\\\/11\\\/img_7951.jpg?fit=474%2C474&quot;,&quot;id&quot;:&quot;3646&quot;,&quot;title&quot;:&quot;img_7951&quot;,&quot;alt&quot;:&quot;&quot;,&quot;caption&quot;:&quot;&quot;,&quot;itemprop&quot;:&quot;image&quot;},{&quot;src&quot;:&quot;https:\\\/\\\/i0.wp.com\\\/alexcitationdesparcs.com\\\/wp\\\/wp-content\\\/uploads\\\/2017\\\/11\\\/img_9198.jpg?fit=474%2C356&quot;,&quot;id&quot;:&quot;3645&quot;,&quot;title&quot;:&quot;img_9198&quot;,&quot;alt&quot;:&quot;&quot;,&quot;caption&quot;:&quot;&quot;,&quot;itemprop&quot;:&quot;image&quot;},{&quot;src&quot;:&quot;https:\\\/\\\/i0.wp.com\\\/alexcitationdesparcs.com\\\/wp\\\/wp-content\\\/uploads\\\/2017\\\/11\\\/img_7115.jpg?fit=474%2C356&quot;,&quot;id&quot;:&quot;3649&quot;,&quot;title&quot;:&quot;img_7115&quot;,&quot;alt&quot;:&quot;&quot;,&quot;caption&quot;:&quot;&quot;,&quot;itemprop&quot;:&quot;image&quot;},{&quot;src&quot;:&quot;https:\\\/\\\/i0.wp.com\\\/alexcitationdesparcs.com\\\/wp\\\/wp-content\\\/uploads\\\/2017\\\/11\\\/img_7948.jpg?fit=474%2C474&quot;,&quot;id&quot;:&quot;3648&quot;,&quot;title&quot;:&quot;img_7948&quot;,&quot;alt&quot;:&quot;&quot;,&quot;caption&quot;:&quot;&quot;,&quot;itemprop&quot;:&quot;image&quot;},{&quot;src&quot;:&quot;https:\\\/\\\/i0.wp.com\\\/alexcitationdesparcs.com\\\/wp\\\/wp-content\\\/uploads\\\/2017\\\/11\\\/img_9853.jpg?fit=474%2C474&quot;,&quot;id&quot;:&quot;3644&quot;,&quot;title&quot;:&quot;img_9853&quot;,&quot;alt&quot;:&quot;&quot;,&quot;caption&quot;:&quot;&quot;,&quot;itemprop&quot;:&quot;image&quot;}]\" itemscope itemtype=\"https:\/\/schema.org\/ImageGallery\"><\/div>\n\n<div class=\"twitter-share\"><a href=\"https:\/\/twitter.com\/intent\/tweet?via=parcalex\" class=\"twitter-share-button\">Tweet<\/a><\/div>\n","protected":false},"excerpt":{"rendered":"<p>Un nouveau cap de pass\u00e9 pour la souris de Marne la Vall\u00e9e. En ce mois d&rsquo;avril 2017, Mickey a c\u00e9l\u00e9br\u00e9 ses 25 ans d&rsquo;implantation en France. L&rsquo;occasion de donner une nouveau souffle \u00e0 la premi\u00e8re destination touristique d&rsquo;Europe.\u00a0<\/p>\n","protected":false},"author":1,"featured_media":3645,"comment_status":"open","ping_status":"open","sticky":false,"template":"","format":"standard","meta":{"jetpack_post_was_ever_published":false,"jetpack_publicize_message":"CALENDRIER DE L\u2019AVENT - Jour 2\nCette ann\u00e9e 2017 a \u00e9galement vu un anniversaire pour la premi\u00e8re destination europ\u00e9enne. Retour sur cette saison de Disneyland Paris !","jetpack_is_tweetstorm":false,"jetpack_publicize_feature_enabled":true,"jetpack_social_post_already_shared":true,"jetpack_social_options":{"image_generator_settings":{"template":"highway","enabled":false}}},"categories":[2,4],"tags":[891,880,884,886,750,189,207,244,246,247,254,274,293,315,742,879,752,888,801,754,881,890,892,520,887,542,883,885,889,751,882,631,638,795,826,671,690],"jetpack_publicize_connections":[],"jetpack_featured_media_url":"https:\/\/i0.wp.com\/alexcitationdesparcs.com\/wp\/wp-content\/uploads\/2017\/11\/img_9198.jpg?fit=4032%2C3024","jetpack_sharing_enabled":true,"jetpack_shortlink":"https:\/\/wp.me\/p7s8OT-UH","jetpack-related-posts":[{"id":4641,"url":"http:\/\/alexcitationdesparcs.com\/wp\/2020\/12\/02\/disneyland-paris-le-pass-annuel-pour-moi-cest-fini\/","url_meta":{"origin":3515,"position":0},"title":"DISNEYLAND PARIS&#8230;  LE PASS ANNUEL POUR MOI C&rsquo;EST FINI !","date":"2 d\u00e9cembre 2020","format":false,"excerpt":"Rappelez-vous, il y a deux ans dans une vid\u00e9o Youtube je me posais cette question \u00ab Est-ce que oui ou non je dois renouveler mon pass annuel \u00bb chez le parc de Marne la Vall\u00e9e. On refait le bilan 2 ans plus tard avec un constat : je n'ai plus\u2026","rel":"","context":"Dans &quot;CALENDRIER DE L'AVENT&quot;","img":{"alt_text":"","src":"https:\/\/i0.wp.com\/alexcitationdesparcs.com\/wp\/wp-content\/uploads\/2019\/07\/P1030099.jpg?fit=1200%2C675&resize=350%2C200","width":350,"height":200},"classes":[]},{"id":3342,"url":"http:\/\/alexcitationdesparcs.com\/wp\/2017\/04\/07\/un-nouveau-decollage-pour-star-tours-a-disneyland-paris\/","url_meta":{"origin":3515,"position":1},"title":"Un nouveau d\u00e9collage pour Star Tours \u00e0 Disneyland Paris","date":"7 avril 2017","format":false,"excerpt":"Le 26 mars dernier, Disneyland Paris proposait de nouveau de partir avec la compagnie Star Tours pour de nouvelles destinations intergalactiques. Apr\u00e8s quelques jours laiss\u00e9s au fans pour ne pas se faire totalement spoiler voici notre feedback sur la nouvelle version de l'attraction \u00e0 Disneyland Paris.\u00a0 Apr\u00e8s un peu plus\u2026","rel":"","context":"Dans &quot;Actu de parcs&quot;","img":{"alt_text":"","src":"https:\/\/i0.wp.com\/alexcitationdesparcs.com\/wp\/wp-content\/uploads\/2017\/04\/img_6757.jpg?fit=1200%2C900&resize=350%2C200","width":350,"height":200},"classes":[]},{"id":4342,"url":"http:\/\/alexcitationdesparcs.com\/wp\/2019\/07\/26\/cest-la-jungle-a-disneyland-paris\/","url_meta":{"origin":3515,"position":2},"title":"C&rsquo;est la jungle a Disneyland Paris","date":"26 juillet 2019","format":"image","excerpt":"Il y a quelques jours, nous sommes all\u00e9s d\u00e9couvrir cette nouvelle saison propos\u00e9e par le premier parc \u00e0 th\u00e8me europ\u00e9en. Disney a choisi de mettre \u00e0 l'honneur deux de ses grands classiques pour proposer une p\u00e9riode estivale haute en couleurs et riche en spectacles ! Depuis la fin du mois\u2026","rel":"","context":"Dans &quot;Actu de parcs&quot;","img":{"alt_text":"","src":"https:\/\/i0.wp.com\/alexcitationdesparcs.com\/wp\/wp-content\/uploads\/2019\/07\/P1030099.jpg?fit=1200%2C675&resize=350%2C200","width":350,"height":200},"classes":[]},{"id":3202,"url":"http:\/\/alexcitationdesparcs.com\/wp\/2016\/07\/02\/un-nouveau-show-magique-a-disneyland-paris\/","url_meta":{"origin":3515,"position":3},"title":"Un nouveau show MAGIQUE \u00e0 Disneyland Paris","date":"2 juillet 2016","format":false,"excerpt":"Ce samedi d\u00e9bute aux Walt Disney Studios Mickey et le Magicien. Un nouveau spectacle qui vient remplacer Animagique dont la derni\u00e8re repr\u00e9sentation remonte au 31 janvier. Un vrai nouvel atout suppl\u00e9mentaire pour le second parc du Resort Parisien.\u00a0 Vendredi 1er juillet. 5 mois apr\u00e8s le baisser de rideau d'Animagique. Le\u2026","rel":"","context":"Dans &quot;Actu de parcs&quot;","img":{"alt_text":"","src":"https:\/\/i0.wp.com\/alexcitationdesparcs.com\/wp\/wp-content\/uploads\/2016\/07\/img_2127.png?fit=1136%2C640&resize=350%2C200","width":350,"height":200},"classes":[]},{"id":4337,"url":"http:\/\/alexcitationdesparcs.com\/wp\/2019\/07\/30\/disneyland-paris-fait-rugir-le-roi-lion-cet-ete\/","url_meta":{"origin":3515,"position":4},"title":"disneyland paris fait rugir le roi lion cet ete","date":"30 juillet 2019","format":"image","excerpt":"Le Parc de Marne la Vall\u00e9e mise une nouvelle fois sur le grand spectacle cet \u00e9t\u00e9. Parmi les proposition estivales : Le Roi Lion et les Rythmes de la terre est une r\u00e9interpr\u00e9tation de l'histoire bien connue de tous les fans Disney. https:\/\/www.youtube.com\/watch?v=H973rCgyV9A Le show se d\u00e9roule au Frontierland Theater,\u2026","rel":"","context":"Dans &quot;Actu de parcs&quot;","img":{"alt_text":"","src":"https:\/\/i0.wp.com\/alexcitationdesparcs.com\/wp\/wp-content\/uploads\/2019\/07\/P1030150.jpg?fit=1200%2C675&resize=350%2C200","width":350,"height":200},"classes":[]},{"id":469,"url":"http:\/\/alexcitationdesparcs.com\/wp\/2012\/09\/01\/un-week-end-nombreux-chez-mickey\/","url_meta":{"origin":3515,"position":5},"title":"Un week-end &quot;nombreux&quot; chez Mickey&#8230;","date":"1 septembre 2012","format":false,"excerpt":"Il fallait s'y attendre en ce week-end de septembre et de surcro\u00eet dernier avant les vacances! Les parcs de Marne la Vall\u00e9e \u00e9taient pour le moins blind\u00e9s a un point que je n'avait rarement vu. M\u00eame la soir\u00e9e Halloween 2011 n'accueillait pas autant de monde! Et cette forte affluence \u00e9tait\u2026","rel":"","context":"Dans &quot;Trip Report&quot;","img":{"alt_text":"","src":"https:\/\/i0.wp.com\/alexcitationdesparcs.com\/wp\/wp-content\/uploads\/2012\/09\/disney-sept12-kevin-012.jpg?resize=350%2C200","width":350,"height":200},"classes":[]}],"_links":{"self":[{"href":"http:\/\/alexcitationdesparcs.com\/wp\/wp-json\/wp\/v2\/posts\/3515"}],"collection":[{"href":"http:\/\/alexcitationdesparcs.com\/wp\/wp-json\/wp\/v2\/posts"}],"about":[{"href":"http:\/\/alexcitationdesparcs.com\/wp\/wp-json\/wp\/v2\/types\/post"}],"author":[{"embeddable":true,"href":"http:\/\/alexcitationdesparcs.com\/wp\/wp-json\/wp\/v2\/users\/1"}],"replies":[{"embeddable":true,"href":"http:\/\/alexcitationdesparcs.com\/wp\/wp-json\/wp\/v2\/comments?post=3515"}],"version-history":[{"count":5,"href":"http:\/\/alexcitationdesparcs.com\/wp\/wp-json\/wp\/v2\/posts\/3515\/revisions"}],"predecessor-version":[{"id":3671,"href":"http:\/\/alexcitationdesparcs.com\/wp\/wp-json\/wp\/v2\/posts\/3515\/revisions\/3671"}],"wp:featuredmedia":[{"embeddable":true,"href":"http:\/\/alexcitationdesparcs.com\/wp\/wp-json\/wp\/v2\/media\/3645"}],"wp:attachment":[{"href":"http:\/\/alexcitationdesparcs.com\/wp\/wp-json\/wp\/v2\/media?parent=3515"}],"wp:term":[{"taxonomy":"category","embeddable":true,"href":"http:\/\/alexcitationdesparcs.com\/wp\/wp-json\/wp\/v2\/categories?post=3515"},{"taxonomy":"post_tag","embeddable":true,"href":"http:\/\/alexcitationdesparcs.com\/wp\/wp-json\/wp\/v2\/tags?post=3515"}],"curies":[{"name":"wp","href":"https:\/\/api.w.org\/{rel}","templated":true}]}}