{"id":3533,"date":"2017-07-14T18:00:23","date_gmt":"2017-07-14T17:00:23","guid":{"rendered":"http:\/\/alexcitationdesparcs.com\/wp\/?p=3533"},"modified":"2017-12-15T08:58:48","modified_gmt":"2017-12-15T07:58:48","slug":"bellewaerde-a-vu-double-cette-annee-pour-sa-nouveaute-dawson-duel","status":"publish","type":"post","link":"http:\/\/alexcitationdesparcs.com\/wp\/2017\/07\/14\/bellewaerde-a-vu-double-cette-annee-pour-sa-nouveaute-dawson-duel\/","title":{"rendered":"Bellewaerde a vu double cette ann\u00e9e pour sa nouveaut\u00e9 &#8211; Dawson Duel"},"content":{"rendered":"<p style=\"text-align: justify;\"><em><strong>Nouvelle attraction, nouveau spectacle&#8230; 2017 a donn\u00e9 un premier \u00e9lan au nouveau souffle voulu pour le parc belge d&rsquo;Ypres<\/strong><\/em><!--more--><\/p>\n<p style=\"text-align: justify;\"><a href=\"https:\/\/i0.wp.com\/alexcitationdesparcs.com\/wp\/wp-content\/uploads\/2017\/12\/img_9522.jpg\"><img data-attachment-id=\"3747\" data-permalink=\"http:\/\/alexcitationdesparcs.com\/wp\/2017\/07\/14\/bellewaerde-a-vu-double-cette-annee-pour-sa-nouveaute-dawson-duel\/img_9522\/\" data-orig-file=\"https:\/\/i0.wp.com\/alexcitationdesparcs.com\/wp\/wp-content\/uploads\/2017\/12\/img_9522.jpg?fit=4032%2C3024\" data-orig-size=\"4032,3024\" data-comments-opened=\"1\" data-image-meta=\"{&quot;aperture&quot;:&quot;0&quot;,&quot;credit&quot;:&quot;&quot;,&quot;camera&quot;:&quot;&quot;,&quot;caption&quot;:&quot;&quot;,&quot;created_timestamp&quot;:&quot;0&quot;,&quot;copyright&quot;:&quot;&quot;,&quot;focal_length&quot;:&quot;0&quot;,&quot;iso&quot;:&quot;0&quot;,&quot;shutter_speed&quot;:&quot;0&quot;,&quot;title&quot;:&quot;&quot;,&quot;orientation&quot;:&quot;1&quot;}\" data-image-title=\"img_9522\" data-image-description=\"\" data-image-caption=\"\" data-medium-file=\"https:\/\/i0.wp.com\/alexcitationdesparcs.com\/wp\/wp-content\/uploads\/2017\/12\/img_9522.jpg?fit=300%2C225\" data-large-file=\"https:\/\/i0.wp.com\/alexcitationdesparcs.com\/wp\/wp-content\/uploads\/2017\/12\/img_9522.jpg?fit=474%2C356\" loading=\"lazy\" class=\"alignright size-thumbnail wp-image-3747\" src=\"https:\/\/i0.wp.com\/alexcitationdesparcs.com\/wp\/wp-content\/uploads\/2017\/12\/img_9522.jpg?resize=150%2C150\" alt=\"\" width=\"150\" height=\"150\" srcset=\"https:\/\/i0.wp.com\/alexcitationdesparcs.com\/wp\/wp-content\/uploads\/2017\/12\/img_9522.jpg?resize=150%2C150 150w, https:\/\/i0.wp.com\/alexcitationdesparcs.com\/wp\/wp-content\/uploads\/2017\/12\/img_9522.jpg?zoom=2&amp;resize=150%2C150 300w, https:\/\/i0.wp.com\/alexcitationdesparcs.com\/wp\/wp-content\/uploads\/2017\/12\/img_9522.jpg?zoom=3&amp;resize=150%2C150 450w\" sizes=\"(max-width: 150px) 100vw, 150px\" data-recalc-dims=\"1\" \/><\/a>Cela faisait 4 ans qu&rsquo;une nouveaut\u00e9 n&rsquo;\u00e9tait pas apparu c\u00f4t\u00e9 attraction. Apr\u00e8s le family coaster Huracan qui ne nous avait pas laiss\u00e9 un souvenir imp\u00e9rissable lors de notre premi\u00e8re visite en 2014, la compagnie des Alpes propri\u00e9taire du parc remonte le niveau !<\/p>\n<p style=\"text-align: justify;\"><strong>Stunt &amp; Dive Show<\/strong><\/p>\n<p style=\"text-align: justify;\">La premi\u00e8re \u00e9volution que nous avons pu voir est un nouveau spectacle. Les gradins peuvent accueillir un grand nombre de spectateurs pour une demie heure de show tr\u00e8s agr\u00e9able entre spectaculaire et humour ! Le clou du spectacle un plongeon de 25m de haut dans une piscine de seulement 10 de profondeur ! Belle mise en sc\u00e8ne et \u00e0 noter aussi la disponibilit\u00e9 des acteurs en fin de s\u00e9ance pour des photos !<\/p>\n<p style=\"text-align: justify;\"><strong>Dawson Duel<\/strong><\/p>\n<p style=\"text-align: justify;\"><a href=\"https:\/\/i0.wp.com\/alexcitationdesparcs.com\/wp\/wp-content\/uploads\/2017\/12\/img_9515.jpg\"><img data-attachment-id=\"3745\" data-permalink=\"http:\/\/alexcitationdesparcs.com\/wp\/2017\/07\/14\/bellewaerde-a-vu-double-cette-annee-pour-sa-nouveaute-dawson-duel\/img_9515\/\" data-orig-file=\"https:\/\/i0.wp.com\/alexcitationdesparcs.com\/wp\/wp-content\/uploads\/2017\/12\/img_9515.jpg?fit=4032%2C3024\" data-orig-size=\"4032,3024\" data-comments-opened=\"1\" data-image-meta=\"{&quot;aperture&quot;:&quot;0&quot;,&quot;credit&quot;:&quot;&quot;,&quot;camera&quot;:&quot;&quot;,&quot;caption&quot;:&quot;&quot;,&quot;created_timestamp&quot;:&quot;0&quot;,&quot;copyright&quot;:&quot;&quot;,&quot;focal_length&quot;:&quot;0&quot;,&quot;iso&quot;:&quot;0&quot;,&quot;shutter_speed&quot;:&quot;0&quot;,&quot;title&quot;:&quot;&quot;,&quot;orientation&quot;:&quot;1&quot;}\" data-image-title=\"img_9515\" data-image-description=\"\" data-image-caption=\"\" data-medium-file=\"https:\/\/i0.wp.com\/alexcitationdesparcs.com\/wp\/wp-content\/uploads\/2017\/12\/img_9515.jpg?fit=300%2C225\" data-large-file=\"https:\/\/i0.wp.com\/alexcitationdesparcs.com\/wp\/wp-content\/uploads\/2017\/12\/img_9515.jpg?fit=474%2C356\" loading=\"lazy\" class=\"alignright size-thumbnail wp-image-3745\" src=\"https:\/\/i0.wp.com\/alexcitationdesparcs.com\/wp\/wp-content\/uploads\/2017\/12\/img_9515.jpg?resize=150%2C150\" alt=\"\" width=\"150\" height=\"150\" srcset=\"https:\/\/i0.wp.com\/alexcitationdesparcs.com\/wp\/wp-content\/uploads\/2017\/12\/img_9515.jpg?resize=150%2C150 150w, https:\/\/i0.wp.com\/alexcitationdesparcs.com\/wp\/wp-content\/uploads\/2017\/12\/img_9515.jpg?zoom=2&amp;resize=150%2C150 300w, https:\/\/i0.wp.com\/alexcitationdesparcs.com\/wp\/wp-content\/uploads\/2017\/12\/img_9515.jpg?zoom=3&amp;resize=150%2C150 450w\" sizes=\"(max-width: 150px) 100vw, 150px\" data-recalc-dims=\"1\" \/><\/a>Il nous a fallu revenir dans le courant de l&rsquo;\u00e9t\u00e9 pour d\u00e9couvrir ce premier dueling d&rsquo;alpine coaster en Europe. Lors de notre passage d\u00e9but avril l&rsquo;attraction n&rsquo;\u00e9tait pas encore ouverte. La descente est relativement longue et agr\u00e9able. En revanche le syst\u00e8me fourni par Wiegand a \u00e9t\u00e9 enti\u00e8rement automatis\u00e9. Pas de possibilit\u00e9 de g\u00e9rer soi-m\u00eame la vitesse du v\u00e9hicule. Un moyen peut \u00eatre d&rsquo;\u00e9viter que des visiteurs ne se retrouvent volontairement arr\u00eat\u00e9s \u00e0 25m de hauteur et aussi pour fluidifier le d\u00e9bit ! La structure est belle et la zone vue de haut \u00e9galement ! Attention en revanche pour les personnes assujetties au vertige : autant le parcours peut se d\u00e9rouler sans probl\u00e8me, en revanche la file d&rsquo;attente risque de vous perturber !<\/p>\n<p style=\"text-align: justify;\">Un bel investissement pour le parc qui va continuer \u00e0 se d\u00e9velopper. Un parc aquatique indoor devrait ouvrir au printemps 2019.<\/p>\n<p class=\"jetpack-slideshow-noscript robots-nocontent\">Ce diaporama n\u00e9cessite JavaScript.<\/p><div id=\"gallery-3533-1-slideshow\" class=\"jetpack-slideshow-window jetpack-slideshow jetpack-slideshow-black\" data-trans=\"fade\" data-autostart=\"1\" data-gallery=\"[{&quot;src&quot;:&quot;https:\\\/\\\/i0.wp.com\\\/alexcitationdesparcs.com\\\/wp\\\/wp-content\\\/uploads\\\/2017\\\/12\\\/img_9513.jpg?fit=474%2C356&quot;,&quot;id&quot;:&quot;3748&quot;,&quot;title&quot;:&quot;img_9513&quot;,&quot;alt&quot;:&quot;&quot;,&quot;caption&quot;:&quot;&quot;,&quot;itemprop&quot;:&quot;image&quot;},{&quot;src&quot;:&quot;https:\\\/\\\/i0.wp.com\\\/alexcitationdesparcs.com\\\/wp\\\/wp-content\\\/uploads\\\/2017\\\/12\\\/img_9515.jpg?fit=474%2C356&quot;,&quot;id&quot;:&quot;3745&quot;,&quot;title&quot;:&quot;img_9515&quot;,&quot;alt&quot;:&quot;&quot;,&quot;caption&quot;:&quot;&quot;,&quot;itemprop&quot;:&quot;image&quot;},{&quot;src&quot;:&quot;https:\\\/\\\/i0.wp.com\\\/alexcitationdesparcs.com\\\/wp\\\/wp-content\\\/uploads\\\/2017\\\/12\\\/img_9512.jpg?fit=474%2C356&quot;,&quot;id&quot;:&quot;3750&quot;,&quot;title&quot;:&quot;img_9512&quot;,&quot;alt&quot;:&quot;&quot;,&quot;caption&quot;:&quot;&quot;,&quot;itemprop&quot;:&quot;image&quot;},{&quot;src&quot;:&quot;https:\\\/\\\/i0.wp.com\\\/alexcitationdesparcs.com\\\/wp\\\/wp-content\\\/uploads\\\/2017\\\/12\\\/img_9521.jpg?fit=474%2C356&quot;,&quot;id&quot;:&quot;3749&quot;,&quot;title&quot;:&quot;img_9521&quot;,&quot;alt&quot;:&quot;&quot;,&quot;caption&quot;:&quot;&quot;,&quot;itemprop&quot;:&quot;image&quot;},{&quot;src&quot;:&quot;https:\\\/\\\/i0.wp.com\\\/alexcitationdesparcs.com\\\/wp\\\/wp-content\\\/uploads\\\/2017\\\/12\\\/img_9531.jpg?fit=474%2C356&quot;,&quot;id&quot;:&quot;3752&quot;,&quot;title&quot;:&quot;img_9531&quot;,&quot;alt&quot;:&quot;&quot;,&quot;caption&quot;:&quot;&quot;,&quot;itemprop&quot;:&quot;image&quot;},{&quot;src&quot;:&quot;https:\\\/\\\/i0.wp.com\\\/alexcitationdesparcs.com\\\/wp\\\/wp-content\\\/uploads\\\/2017\\\/12\\\/img_9514.jpg?fit=474%2C356&quot;,&quot;id&quot;:&quot;3751&quot;,&quot;title&quot;:&quot;img_9514&quot;,&quot;alt&quot;:&quot;&quot;,&quot;caption&quot;:&quot;&quot;,&quot;itemprop&quot;:&quot;image&quot;},{&quot;src&quot;:&quot;https:\\\/\\\/i0.wp.com\\\/alexcitationdesparcs.com\\\/wp\\\/wp-content\\\/uploads\\\/2017\\\/12\\\/img_9530.jpg?fit=474%2C356&quot;,&quot;id&quot;:&quot;3753&quot;,&quot;title&quot;:&quot;img_9530&quot;,&quot;alt&quot;:&quot;&quot;,&quot;caption&quot;:&quot;&quot;,&quot;itemprop&quot;:&quot;image&quot;},{&quot;src&quot;:&quot;https:\\\/\\\/i0.wp.com\\\/alexcitationdesparcs.com\\\/wp\\\/wp-content\\\/uploads\\\/2017\\\/12\\\/img_9522.jpg?fit=474%2C356&quot;,&quot;id&quot;:&quot;3747&quot;,&quot;title&quot;:&quot;img_9522&quot;,&quot;alt&quot;:&quot;&quot;,&quot;caption&quot;:&quot;&quot;,&quot;itemprop&quot;:&quot;image&quot;},{&quot;src&quot;:&quot;https:\\\/\\\/i0.wp.com\\\/alexcitationdesparcs.com\\\/wp\\\/wp-content\\\/uploads\\\/2017\\\/12\\\/img_9520.jpg?fit=474%2C356&quot;,&quot;id&quot;:&quot;3746&quot;,&quot;title&quot;:&quot;img_9520&quot;,&quot;alt&quot;:&quot;&quot;,&quot;caption&quot;:&quot;&quot;,&quot;itemprop&quot;:&quot;image&quot;}]\" itemscope itemtype=\"https:\/\/schema.org\/ImageGallery\"><\/div>\n\n<div class=\"twitter-share\"><a href=\"https:\/\/twitter.com\/intent\/tweet?via=parcalex\" class=\"twitter-share-button\">Tweet<\/a><\/div>\n","protected":false},"excerpt":{"rendered":"<p>Nouvelle attraction, nouveau spectacle&#8230; 2017 a donn\u00e9 un premier \u00e9lan au nouveau souffle voulu pour le parc belge d&rsquo;Ypres<\/p>\n","protected":false},"author":1,"featured_media":3750,"comment_status":"open","ping_status":"open","sticky":false,"template":"","format":"standard","meta":{"jetpack_post_was_ever_published":false,"jetpack_publicize_message":"Dawson Duel","jetpack_is_tweetstorm":false,"jetpack_publicize_feature_enabled":true,"jetpack_social_post_already_shared":true,"jetpack_social_options":{"image_generator_settings":{"template":"highway","enabled":false}}},"categories":[4],"tags":[986,983,133,134,136,991,207,212,248,984,117,274,990,980,459,489,988,982,794,631,981,826,987,985,989],"jetpack_publicize_connections":[],"jetpack_featured_media_url":"https:\/\/i0.wp.com\/alexcitationdesparcs.com\/wp\/wp-content\/uploads\/2017\/12\/img_9512.jpg?fit=4032%2C3024","jetpack_sharing_enabled":true,"jetpack_shortlink":"https:\/\/wp.me\/p7s8OT-UZ","jetpack-related-posts":[{"id":4324,"url":"http:\/\/alexcitationdesparcs.com\/wp\/2019\/07\/10\/nigloland-devoile-sa-nouveaute-2020\/","url_meta":{"origin":3533,"position":0},"title":"Nigloland devoile sa nouveaute 2020","date":"10 juillet 2019","format":"image","excerpt":"Le parc d'attraction de l'Aube a officialis\u00e9 hier les premi\u00e8res informations sur sa prochaine nouveaut\u00e9. Un coaster familial qui sera install\u00e9 dans le Village Merveilleux. https:\/\/www.youtube.com\/watch?v=qaM06ltg-4s Le rendez-vous est d'ores et d\u00e9j\u00e0 donn\u00e9 en avril pour d\u00e9couvrir Noisette Express. Nigloland a lanc\u00e9 cette semaine le chantier de sa prochaine attraction\u2026","rel":"","context":"Dans &quot;Actu de parcs&quot;","img":{"alt_text":"","src":"https:\/\/i0.wp.com\/alexcitationdesparcs.com\/wp\/wp-content\/uploads\/2019\/07\/Nigloland-Avril-2019-93.jpg?fit=1200%2C675&resize=350%2C200","width":350,"height":200},"classes":[]},{"id":643,"url":"http:\/\/alexcitationdesparcs.com\/wp\/2012\/10\/13\/nigloland-prend-de-laltitude\/","url_meta":{"origin":3533,"position":1},"title":"Nigloland prend de l&rsquo;altitude !","date":"13 octobre 2012","format":false,"excerpt":"Le mot est l\u00e2ch\u00e9 officiellement en conf\u00e9rence de presse ce matin \u00e0 l'h\u00f4tel des pirates de Nigloland. Philippe Gelis \u00e0 confirm\u00e9 ce matin que le parc proposera un nouveau grand huit en Avril 2014 ! Un \"secret\" qui avait d\u00e9j\u00e0 pas mal fuit\u00e9 ces derniers mois mais confirm\u00e9 en public\u2026","rel":"","context":"Dans &quot;Actu de parcs&quot;","img":{"alt_text":"","src":"https:\/\/i0.wp.com\/alexcitationdesparcs.com\/wp\/wp-content\/uploads\/2014\/01\/wb6-first-drop.jpg?fit=1200%2C706&resize=350%2C200","width":350,"height":200},"classes":[]},{"id":1537,"url":"http:\/\/alexcitationdesparcs.com\/wp\/2013\/07\/20\/une-premiere-psyke-night-reussie-walibi-belgium-20-juillet-13\/","url_meta":{"origin":3533,"position":2},"title":"Une premi\u00e8re Psyke Night r\u00e9ussie (Walibi Belgium &#8211; 20 juillet 13)","date":"20 juillet 2013","format":false,"excerpt":"Retour sur notre vir\u00e9e belge de cette fin de mois de juillet. Du beau temps et des attractions sympa \u00e0 Wavre \u00e0 quelques kilom\u00e8tres de Bruxelles. Arriv\u00e9s \u00e0 la mi-journ\u00e9e \u00e0 l\u2019h\u00f4tel que nous avons r\u00e9serv\u00e9 (Leonardo Wavre) pour faire notre check-in arrivons dans le parc vers 13h. Pas de\u2026","rel":"","context":"Dans &quot;Trip Report&quot;","img":{"alt_text":"","src":"https:\/\/i0.wp.com\/alexcitationdesparcs.com\/wp\/wp-content\/uploads\/2013\/08\/walibi-belgium-psyke-night-2013-40.jpg?resize=350%2C200","width":350,"height":200},"classes":[]},{"id":790,"url":"http:\/\/alexcitationdesparcs.com\/wp\/2013\/01\/06\/2013-nouvelle-annee-de-parcs\/","url_meta":{"origin":3533,"position":3},"title":"2013, nouvelle ann\u00e9e de parcs&#8230;","date":"6 janvier 2013","format":false,"excerpt":"Permettez nous avec un peu de retard de vous souhaiter une tr\u00e8s belle ann\u00e9e 2013. Que celle-ci soit faite le plus possible de parc et de bonnes sensations. C\u00f4t\u00e9 nouveaut\u00e9s d'ores et d\u00e9j\u00e0 annonc\u00e9es pour cette nouvelle ann\u00e9e : une forte r\u00e9habilitation de l'attraction Adventure Jungle \u00e0 Nigloland. De nouveaux\u2026","rel":"","context":"Dans &quot;Non class\u00e9&quot;","img":{"alt_text":"","src":"","width":0,"height":0},"classes":[]},{"id":160,"url":"http:\/\/alexcitationdesparcs.com\/wp\/2012\/07\/26\/cest-les-vacances\/","url_meta":{"origin":3533,"position":4},"title":"C&#039;est les vacances&#8230;","date":"26 juillet 2012","format":false,"excerpt":"Encore une matinale pour moi demain mais les cong\u00e9s debutent ce soir pour Alex. N'ayant que 3 jours a cause de son changement de boite, nous avons d\u00e9cid\u00e9 de partir en expedition \"Parc\". Les vols aeriens ne nous ayant pas permis de partir \"loin\" nous avons donc opt\u00e9 pour la\u2026","rel":"","context":"Dans &quot;Non class\u00e9&quot;","img":{"alt_text":"","src":"","width":0,"height":0},"classes":[]},{"id":4563,"url":"http:\/\/alexcitationdesparcs.com\/wp\/2019\/12\/19\/du-nouveau-pour-tripsdrill-en-2020\/","url_meta":{"origin":3533,"position":5},"title":"DU NOUVEAU POUR TRIPSDRILL EN 2020","date":"19 d\u00e9cembre 2019","format":"video","excerpt":"Aujourd'hui derri\u00e8re la lettre T se cache un parc d'attraction Allemand. Tripsdrill met en avant la culture locale, qui de nos yeux de fran\u00e7ais peuvent paraitre parfois un peu surprenant mais donne au final un parc \u00e0 th\u00e8me tr\u00e8s abouti et riche en amusement et sensations. https:\/\/youtu.be\/GAjf0-dMpM4","rel":"","context":"Dans &quot;ABECEDAIRE 2019&quot;","img":{"alt_text":"","src":"https:\/\/i0.wp.com\/alexcitationdesparcs.com\/wp\/wp-content\/uploads\/2020\/09\/csm_CE-102_Neue_Achterbahnen_Tripsdrill_1982a0a5e2.jpg?fit=1200%2C450&resize=350%2C200","width":350,"height":200},"classes":[]}],"_links":{"self":[{"href":"http:\/\/alexcitationdesparcs.com\/wp\/wp-json\/wp\/v2\/posts\/3533"}],"collection":[{"href":"http:\/\/alexcitationdesparcs.com\/wp\/wp-json\/wp\/v2\/posts"}],"about":[{"href":"http:\/\/alexcitationdesparcs.com\/wp\/wp-json\/wp\/v2\/types\/post"}],"author":[{"embeddable":true,"href":"http:\/\/alexcitationdesparcs.com\/wp\/wp-json\/wp\/v2\/users\/1"}],"replies":[{"embeddable":true,"href":"http:\/\/alexcitationdesparcs.com\/wp\/wp-json\/wp\/v2\/comments?post=3533"}],"version-history":[{"count":5,"href":"http:\/\/alexcitationdesparcs.com\/wp\/wp-json\/wp\/v2\/posts\/3533\/revisions"}],"predecessor-version":[{"id":3754,"href":"http:\/\/alexcitationdesparcs.com\/wp\/wp-json\/wp\/v2\/posts\/3533\/revisions\/3754"}],"wp:featuredmedia":[{"embeddable":true,"href":"http:\/\/alexcitationdesparcs.com\/wp\/wp-json\/wp\/v2\/media\/3750"}],"wp:attachment":[{"href":"http:\/\/alexcitationdesparcs.com\/wp\/wp-json\/wp\/v2\/media?parent=3533"}],"wp:term":[{"taxonomy":"category","embeddable":true,"href":"http:\/\/alexcitationdesparcs.com\/wp\/wp-json\/wp\/v2\/categories?post=3533"},{"taxonomy":"post_tag","embeddable":true,"href":"http:\/\/alexcitationdesparcs.com\/wp\/wp-json\/wp\/v2\/tags?post=3533"}],"curies":[{"name":"wp","href":"https:\/\/api.w.org\/{rel}","templated":true}]}}