{"id":4108,"date":"2018-06-29T20:00:14","date_gmt":"2018-06-29T19:00:14","guid":{"rendered":"http:\/\/alexcitationdesparcs.com\/wp\/?p=4108"},"modified":"2018-06-27T20:41:13","modified_gmt":"2018-06-27T19:41:13","slug":"park-stories-7-le-pal","status":"publish","type":"post","link":"http:\/\/alexcitationdesparcs.com\/wp\/2018\/06\/29\/park-stories-7-le-pal\/","title":{"rendered":"PARK STORIES #7 &#8211; Le Pal"},"content":{"rendered":"<p><span class=\"embed-youtube\" style=\"text-align:center; display: block;\"><iframe loading=\"lazy\" class=\"youtube-player\" width=\"474\" height=\"267\" src=\"https:\/\/www.youtube.com\/embed\/H3EYoUBLlvU?version=3&#038;rel=1&#038;showsearch=0&#038;showinfo=1&#038;iv_load_policy=1&#038;fs=1&#038;hl=fr-FR&#038;autohide=2&#038;wmode=transparent\" allowfullscreen=\"true\" style=\"border:0;\" sandbox=\"allow-scripts allow-same-origin allow-popups allow-presentation\"><\/iframe><\/span><\/p>\n\n<div class=\"twitter-share\"><a href=\"https:\/\/twitter.com\/intent\/tweet?via=parcalex\" class=\"twitter-share-button\">Tweet<\/a><\/div>\n","protected":false},"excerpt":{"rendered":"","protected":false},"author":1,"featured_media":4091,"comment_status":"open","ping_status":"open","sticky":false,"template":"","format":"video","meta":{"jetpack_post_was_ever_published":false,"jetpack_publicize_message":"PARK STORIES #7 - Le Pal","jetpack_is_tweetstorm":false,"jetpack_publicize_feature_enabled":true,"jetpack_social_post_already_shared":true,"jetpack_social_options":{"image_generator_settings":{"template":"highway","enabled":false}}},"categories":[3],"tags":[76,102,106,1131,251,404,1137,511],"jetpack_publicize_connections":[],"jetpack_featured_media_url":"https:\/\/i0.wp.com\/alexcitationdesparcs.com\/wp\/wp-content\/uploads\/2018\/05\/img_3014.jpg?fit=4032%2C3024","jetpack_sharing_enabled":true,"jetpack_shortlink":"https:\/\/wp.me\/p7s8OT-14g","jetpack-related-posts":[{"id":4419,"url":"http:\/\/alexcitationdesparcs.com\/wp\/2019\/12\/01\/abecedaire-2019-a-comme-animaux\/","url_meta":{"origin":4108,"position":0},"title":"PAS QUE DES ATTRACTIONS DANS NOTRE SAISONS DE PARCS","date":"1 d\u00e9cembre 2019","format":"video","excerpt":"Un A pour Animaux. Chaque jour de ce mois de d\u00e9cembre on parle des parcs d'attractions au travers d'une lettre de l'alphabet. Les animaux \u00e9taient en partie au coeur de notre saison, notamment \u00e0 Pairi Daiza que nous avons visit\u00e9 deux fois, mais aussi le Pal dans le centre de\u2026","rel":"","context":"Dans &quot;ABECEDAIRE 2019&quot;","img":{"alt_text":"","src":"https:\/\/i0.wp.com\/alexcitationdesparcs.com\/wp\/wp-content\/uploads\/2019\/10\/P1040251-Copier.jpg?fit=1200%2C675&resize=350%2C200","width":350,"height":200},"classes":[]},{"id":547,"url":"http:\/\/alexcitationdesparcs.com\/wp\/2012\/10\/06\/rip-palou-1973-2012\/","url_meta":{"origin":4108,"position":1},"title":"RIP Palou ! 1973 &#8211; 2012","date":"6 octobre 2012","format":false,"excerpt":"Une page se tourne dans l'identit\u00e9 d'un parc d'attraction qui a berc\u00e9 mon enfance. Nous avons appris hier soir via la page Facebook du parc, que le PAL (parc d'attraction et animalier de l'Allier) changeait de logo. Un design un peu plus \u00e9pur\u00e9 et moderne de la forme contenant le\u2026","rel":"","context":"Dans &quot;Actu de parcs&quot;","img":{"alt_text":"","src":"","width":0,"height":0},"classes":[]},{"id":4042,"url":"http:\/\/alexcitationdesparcs.com\/wp\/2018\/07\/24\/encore-du-progres-dans-lallier-le-pal\/","url_meta":{"origin":4108,"position":2},"title":"Encore du progr\u00e8s dans l&rsquo;Allier &#8211; Le PAL","date":"24 juillet 2018","format":false,"excerpt":"Nouvelle journ\u00e9e de d\u00e9couverte au PAL, le Parc Animalier et de Loisirs de Dompierre-sur-Bresbre dans l'Allier. Apr\u00e8s quelques exp\u00e9riences d'une fr\u00e9quentation assez forte, notre venue ce premier dimanche de mai nous a donn\u00e9 une encore meilleure image du parc de notre enfance. Nous avons d\u00e9j\u00e0 eu l'occasion de retourner l\u00e0\u2026","rel":"","context":"Dans &quot;On a test\u00e9 pour vous !&quot;","img":{"alt_text":"","src":"https:\/\/i0.wp.com\/alexcitationdesparcs.com\/wp\/wp-content\/uploads\/2018\/05\/img_3064.jpg?fit=1200%2C900&resize=350%2C200","width":350,"height":200},"classes":[]},{"id":4554,"url":"http:\/\/alexcitationdesparcs.com\/wp\/2019\/12\/17\/mon-400eme-coaster-mystic-a-walibi-rhone-alpes\/","url_meta":{"origin":4108,"position":3},"title":"MON 400EME COASTER ! MYSTIC A WALIBI RHONE ALPES","date":"17 d\u00e9cembre 2019","format":"video","excerpt":"J'ai un peu trich\u00e9 pour la lettre Q, initiale de Quatre Cents ! On parle du milestone atteint cet \u00e9t\u00e9 \u00e0 Walibi Rhone Alpes sur Mystic ! L'occasion de parler aussi de ce parc qui va dans le bon sens ! https:\/\/youtu.be\/1dPnrEFz9DA","rel":"","context":"Dans &quot;ABECEDAIRE 2019&quot;","img":{"alt_text":"","src":"https:\/\/i0.wp.com\/alexcitationdesparcs.com\/wp\/wp-content\/uploads\/2020\/09\/MYSTIC.png?fit=563%2C398&resize=350%2C200","width":350,"height":200},"classes":[]},{"id":997,"url":"http:\/\/alexcitationdesparcs.com\/wp\/2013\/03\/30\/jour-j-pour-de-nombreux-parcs-saisonniers\/","url_meta":{"origin":4108,"position":4},"title":"Jour J pour de nombreux parcs saisonniers&#8230;","date":"30 mars 2013","format":false,"excerpt":"Debut ce samedi d'une nouvelle saison de parcs !\u00a0 A quelques exceptions pr\u00e8s, c'est en ce week-end de P\u00e2ques que la majeure partie des parcs saisonniers rouvrent leurs portes en France. Les deux plus grosses exceptions \u00e0 noter sont LE PAL dans l'Allier qui ne reprend que dans 15 jours\u2026","rel":"","context":"Dans &quot;Actu de parcs&quot;","img":{"alt_text":"","src":"","width":0,"height":0},"classes":[]},{"id":1638,"url":"http:\/\/alexcitationdesparcs.com\/wp\/2013\/08\/11\/le-parc-de-mon-enfance-a-bien-evolue\/","url_meta":{"origin":4108,"position":5},"title":"Le parc de mon enfance a bien \u00e9volu\u00e9 (Le Pal &#8211; 11\/08\/2013)","date":"11 ao\u00fbt 2013","format":false,"excerpt":"A l'occasion de l'enterrement de vie de jeune fille de ma meilleure amie, je suis all\u00e9 ce dimanche au parc d'attraction et animalier Le Pal situ\u00e9 a Dompierre sur Besbre dans l'Allier a quelques kilom\u00e8tres de Moulins. Ce parc situe a une heure de chez mes parents a berc\u00e9 mon\u2026","rel":"","context":"Dans &quot;Trip Report&quot;","img":{"alt_text":"","src":"https:\/\/i0.wp.com\/alexcitationdesparcs.com\/wp\/wp-content\/uploads\/2013\/08\/grenouille-pal.png?resize=350%2C200","width":350,"height":200},"classes":[]}],"_links":{"self":[{"href":"http:\/\/alexcitationdesparcs.com\/wp\/wp-json\/wp\/v2\/posts\/4108"}],"collection":[{"href":"http:\/\/alexcitationdesparcs.com\/wp\/wp-json\/wp\/v2\/posts"}],"about":[{"href":"http:\/\/alexcitationdesparcs.com\/wp\/wp-json\/wp\/v2\/types\/post"}],"author":[{"embeddable":true,"href":"http:\/\/alexcitationdesparcs.com\/wp\/wp-json\/wp\/v2\/users\/1"}],"replies":[{"embeddable":true,"href":"http:\/\/alexcitationdesparcs.com\/wp\/wp-json\/wp\/v2\/comments?post=4108"}],"version-history":[{"count":1,"href":"http:\/\/alexcitationdesparcs.com\/wp\/wp-json\/wp\/v2\/posts\/4108\/revisions"}],"predecessor-version":[{"id":4109,"href":"http:\/\/alexcitationdesparcs.com\/wp\/wp-json\/wp\/v2\/posts\/4108\/revisions\/4109"}],"wp:featuredmedia":[{"embeddable":true,"href":"http:\/\/alexcitationdesparcs.com\/wp\/wp-json\/wp\/v2\/media\/4091"}],"wp:attachment":[{"href":"http:\/\/alexcitationdesparcs.com\/wp\/wp-json\/wp\/v2\/media?parent=4108"}],"wp:term":[{"taxonomy":"category","embeddable":true,"href":"http:\/\/alexcitationdesparcs.com\/wp\/wp-json\/wp\/v2\/categories?post=4108"},{"taxonomy":"post_tag","embeddable":true,"href":"http:\/\/alexcitationdesparcs.com\/wp\/wp-json\/wp\/v2\/tags?post=4108"}],"curies":[{"name":"wp","href":"https:\/\/api.w.org\/{rel}","templated":true}]}}