{"id":435,"date":"2012-08-18T20:28:00","date_gmt":"2012-08-18T18:28:00","guid":{"rendered":"https:\/\/parcalex.wordpress.com\/?p=435"},"modified":"2012-08-18T20:28:00","modified_gmt":"2012-08-18T18:28:00","slug":"une-grande-fete-foraine-boisee-ou-lon-ne-paye-qua-lentree-parc-st-paul-1808","status":"publish","type":"post","link":"http:\/\/alexcitationdesparcs.com\/wp\/2012\/08\/18\/une-grande-fete-foraine-boisee-ou-lon-ne-paye-qua-lentree-parc-st-paul-1808\/","title":{"rendered":"Une grande f\u00eate foraine bois\u00e9e o\u00f9 l&#039;on ne paye qu&#039;\u00e0 l&#039;entr\u00e9e (Parc St-Paul &#8211; 18\/08)"},"content":{"rendered":"<p><em><strong>C&rsquo;est donc une premi\u00e8re pour nous deux dans ce joli petit parc de l&rsquo;Ouest de l&rsquo;Oise. Alex (ne jurant que par Mirapolis) connaissait de nom car certaines attractions sont venues ici apr\u00e8s la fermeture mais aussi parce que le directeur est le fr\u00e8re de l&rsquo;un des derniers de Mirapolis. Pour ma part j&rsquo;etais tomb\u00e9 sur un prospectus en prenant l&rsquo;avion \u00e0 Beauvais l&rsquo;an dernier.<\/strong><\/em><\/p>\n<p style=\"text-align:center;\"><a href=\"http:\/\/parcalex.files.wordpress.com\/2012\/08\/parc-st-paul-004.jpg?resize=420%2C314\"><img data-attachment-id=\"439\" data-permalink=\"http:\/\/alexcitationdesparcs.com\/wp\/2012\/08\/18\/une-grande-fete-foraine-boisee-ou-lon-ne-paye-qua-lentree-parc-st-paul-1808\/parc-st-paul-004\/\" data-orig-file=\"https:\/\/i0.wp.com\/alexcitationdesparcs.com\/wp\/wp-content\/uploads\/2012\/08\/parc-st-paul-004.jpg?fit=4288%2C3216\" data-orig-size=\"4288,3216\" data-comments-opened=\"1\" data-image-meta=\"{&quot;aperture&quot;:&quot;10&quot;,&quot;credit&quot;:&quot;&quot;,&quot;camera&quot;:&quot;FinePix SL240&quot;,&quot;caption&quot;:&quot;&quot;,&quot;created_timestamp&quot;:&quot;1345294203&quot;,&quot;copyright&quot;:&quot;&quot;,&quot;focal_length&quot;:&quot;7.3&quot;,&quot;iso&quot;:&quot;64&quot;,&quot;shutter_speed&quot;:&quot;0.0071428571428571&quot;,&quot;title&quot;:&quot;&quot;,&quot;orientation&quot;:&quot;1&quot;}\" data-image-title=\"Parc St-Paul 004\" data-image-description=\"\" data-image-caption=\"\" data-medium-file=\"https:\/\/i0.wp.com\/alexcitationdesparcs.com\/wp\/wp-content\/uploads\/2012\/08\/parc-st-paul-004.jpg?fit=300%2C225\" data-large-file=\"https:\/\/i0.wp.com\/alexcitationdesparcs.com\/wp\/wp-content\/uploads\/2012\/08\/parc-st-paul-004.jpg?fit=474%2C356\" loading=\"lazy\" class=\"aligncenter size-full wp-image-439\" title=\"Parc St-Paul 004\" src=\"http:\/\/parcalex.files.wordpress.com\/2012\/08\/parc-st-paul-004.jpg?resize=420%2C314\" alt=\"\" width=\"420\" height=\"314\" srcset=\"https:\/\/i0.wp.com\/alexcitationdesparcs.com\/wp\/wp-content\/uploads\/2012\/08\/parc-st-paul-004.jpg?w=4288 4288w, https:\/\/i0.wp.com\/alexcitationdesparcs.com\/wp\/wp-content\/uploads\/2012\/08\/parc-st-paul-004.jpg?resize=300%2C225 300w, https:\/\/i0.wp.com\/alexcitationdesparcs.com\/wp\/wp-content\/uploads\/2012\/08\/parc-st-paul-004.jpg?resize=768%2C576 768w, https:\/\/i0.wp.com\/alexcitationdesparcs.com\/wp\/wp-content\/uploads\/2012\/08\/parc-st-paul-004.jpg?resize=1024%2C768 1024w, https:\/\/i0.wp.com\/alexcitationdesparcs.com\/wp\/wp-content\/uploads\/2012\/08\/parc-st-paul-004.jpg?resize=1200%2C900 1200w, https:\/\/i0.wp.com\/alexcitationdesparcs.com\/wp\/wp-content\/uploads\/2012\/08\/parc-st-paul-004.jpg?w=948 948w, https:\/\/i0.wp.com\/alexcitationdesparcs.com\/wp\/wp-content\/uploads\/2012\/08\/parc-st-paul-004.jpg?w=1422 1422w\" sizes=\"(max-width: 420px) 100vw, 420px\" data-recalc-dims=\"1\" \/><\/a><\/p>\n<p>Nous arrivons aux alentours de midi apr\u00e8s 2h30 de route depuis Reims et apr\u00e8s nous \u00eatre acquitt\u00e9s des 17\u20ac d&rsquo;entr\u00e9e par personne (le parking lui est gratuit) nous voil\u00e0 \u00e0 l&rsquo;int\u00e9rieur ! Premi\u00e8re constatation : la musique, pas de sonorit\u00e9s f\u00e9eriques ou th\u00e9matiques, non, collectif m\u00e9tiss\u00e9 et autres HITS tels que je peux les entendre quotidiennement au boulot ! En route pour un premi\u00e8re attraction&#8230;machinalement la premi\u00e8re \u00e0 l&rsquo;entr\u00e9e.<\/p>\n<p><strong>La Grande Roue<\/strong><\/p>\n<p><a href=\"http:\/\/parcalex.files.wordpress.com\/2012\/08\/parc-st-paul-006.jpg\"><img data-attachment-id=\"452\" data-permalink=\"http:\/\/alexcitationdesparcs.com\/wp\/2012\/08\/18\/une-grande-fete-foraine-boisee-ou-lon-ne-paye-qua-lentree-parc-st-paul-1808\/parc-st-paul-006\/\" data-orig-file=\"https:\/\/i0.wp.com\/alexcitationdesparcs.com\/wp\/wp-content\/uploads\/2012\/08\/parc-st-paul-006.jpg?fit=4288%2C3216\" data-orig-size=\"4288,3216\" data-comments-opened=\"1\" data-image-meta=\"{&quot;aperture&quot;:&quot;8&quot;,&quot;credit&quot;:&quot;&quot;,&quot;camera&quot;:&quot;FinePix SL240&quot;,&quot;caption&quot;:&quot;&quot;,&quot;created_timestamp&quot;:&quot;1345294511&quot;,&quot;copyright&quot;:&quot;&quot;,&quot;focal_length&quot;:&quot;4.3&quot;,&quot;iso&quot;:&quot;64&quot;,&quot;shutter_speed&quot;:&quot;0.008&quot;,&quot;title&quot;:&quot;&quot;,&quot;orientation&quot;:&quot;1&quot;}\" data-image-title=\"Parc St-Paul 006\" data-image-description=\"\" data-image-caption=\"\" data-medium-file=\"https:\/\/i0.wp.com\/alexcitationdesparcs.com\/wp\/wp-content\/uploads\/2012\/08\/parc-st-paul-006.jpg?fit=300%2C225\" data-large-file=\"https:\/\/i0.wp.com\/alexcitationdesparcs.com\/wp\/wp-content\/uploads\/2012\/08\/parc-st-paul-006.jpg?fit=474%2C356\" loading=\"lazy\" class=\"alignright size-thumbnail wp-image-452\" title=\"Parc St-Paul 006\" src=\"http:\/\/parcalex.files.wordpress.com\/2012\/08\/parc-st-paul-006.jpg?w=150&#038;resize=165%2C124\" alt=\"\" width=\"165\" height=\"124\" srcset=\"https:\/\/i0.wp.com\/alexcitationdesparcs.com\/wp\/wp-content\/uploads\/2012\/08\/parc-st-paul-006.jpg?w=4288 4288w, https:\/\/i0.wp.com\/alexcitationdesparcs.com\/wp\/wp-content\/uploads\/2012\/08\/parc-st-paul-006.jpg?resize=300%2C225 300w, https:\/\/i0.wp.com\/alexcitationdesparcs.com\/wp\/wp-content\/uploads\/2012\/08\/parc-st-paul-006.jpg?resize=768%2C576 768w, https:\/\/i0.wp.com\/alexcitationdesparcs.com\/wp\/wp-content\/uploads\/2012\/08\/parc-st-paul-006.jpg?resize=1024%2C768 1024w, https:\/\/i0.wp.com\/alexcitationdesparcs.com\/wp\/wp-content\/uploads\/2012\/08\/parc-st-paul-006.jpg?resize=1200%2C900 1200w, https:\/\/i0.wp.com\/alexcitationdesparcs.com\/wp\/wp-content\/uploads\/2012\/08\/parc-st-paul-006.jpg?w=948 948w, https:\/\/i0.wp.com\/alexcitationdesparcs.com\/wp\/wp-content\/uploads\/2012\/08\/parc-st-paul-006.jpg?w=1422 1422w\" sizes=\"(max-width: 165px) 100vw, 165px\" data-recalc-dims=\"1\" \/><\/a>Un peu de hauteur, pas trop non plus et surtout une structure mal entretenue et des embarcations qui font vraiment plastoc ! Bref, ce n&rsquo;est pas trop rassur\u00e9 que je rentre \u00e0 l&rsquo;int\u00e9rieur. Deux petits tours et puis s&rsquo;en vont&#8230; Vue parking et pas grand chose si ce n&rsquo;est des arbres.<\/p>\n<p><em>Pas beaucoup d&rsquo;int\u00e9r\u00eat pour cette grande roue&#8230;<\/em><\/p>\n<p><strong>Le Wild Train 15<\/strong><\/p>\n<p><a href=\"http:\/\/parcalex.files.wordpress.com\/2012\/08\/parc-st-paul-008.jpg\"><img data-attachment-id=\"454\" data-permalink=\"http:\/\/alexcitationdesparcs.com\/wp\/2012\/08\/18\/une-grande-fete-foraine-boisee-ou-lon-ne-paye-qua-lentree-parc-st-paul-1808\/parc-st-paul-008\/\" data-orig-file=\"https:\/\/i0.wp.com\/alexcitationdesparcs.com\/wp\/wp-content\/uploads\/2012\/08\/parc-st-paul-008.jpg?fit=4288%2C3216\" data-orig-size=\"4288,3216\" data-comments-opened=\"1\" data-image-meta=\"{&quot;aperture&quot;:&quot;4.5&quot;,&quot;credit&quot;:&quot;&quot;,&quot;camera&quot;:&quot;FinePix SL240&quot;,&quot;caption&quot;:&quot;&quot;,&quot;created_timestamp&quot;:&quot;1345296669&quot;,&quot;copyright&quot;:&quot;&quot;,&quot;focal_length&quot;:&quot;10.5&quot;,&quot;iso&quot;:&quot;64&quot;,&quot;shutter_speed&quot;:&quot;0.003125&quot;,&quot;title&quot;:&quot;&quot;,&quot;orientation&quot;:&quot;1&quot;}\" data-image-title=\"Parc St-Paul 008\" data-image-description=\"\" data-image-caption=\"\" data-medium-file=\"https:\/\/i0.wp.com\/alexcitationdesparcs.com\/wp\/wp-content\/uploads\/2012\/08\/parc-st-paul-008.jpg?fit=300%2C225\" data-large-file=\"https:\/\/i0.wp.com\/alexcitationdesparcs.com\/wp\/wp-content\/uploads\/2012\/08\/parc-st-paul-008.jpg?fit=474%2C356\" loading=\"lazy\" class=\"alignleft size-thumbnail wp-image-454\" title=\"Parc St-Paul 008\" src=\"http:\/\/parcalex.files.wordpress.com\/2012\/08\/parc-st-paul-008.jpg?w=150&#038;resize=189%2C140\" alt=\"\" width=\"189\" height=\"140\" data-recalc-dims=\"1\" \/><\/a>Allez passons aux \u00ab\u00a0choses s\u00e9rieuses\u00a0\u00bb avec ce kiddie coaster de la compagnie russe Pax install\u00e9 non loin de l&rsquo;entr\u00e9e. Pas d&rsquo;attente, nous rentrons directement dans le train&#8230; Malheureusement je ne pourrais pas faire l&rsquo;attraction, la ceinture n&rsquo;est pas assez grande pour que je puisse la fermer. Me voil\u00e0 f\u00e2ch\u00e9 pour la journ\u00e9e ! Alex reste toutefois \u00e0 l&rsquo;interieur. Il en retient une belle vitesse avec ses lunettes qui ont failli voler (m\u00eame dans rock et Space elles tiennent) et des virages serr\u00e9s.<\/p>\n<p><em>Visiblement un kiddie coaster assez puissant \u00e0 faire donc (si vous le pouvez) !<\/em><\/p>\n<p><strong>La Tour Descente Extr\u00eame <\/strong><\/p>\n<p><a href=\"http:\/\/parcalex.files.wordpress.com\/2012\/08\/parc-st-paul-009.jpg\"><img data-attachment-id=\"455\" data-permalink=\"http:\/\/alexcitationdesparcs.com\/wp\/2012\/08\/18\/une-grande-fete-foraine-boisee-ou-lon-ne-paye-qua-lentree-parc-st-paul-1808\/parc-st-paul-009\/\" data-orig-file=\"https:\/\/i0.wp.com\/alexcitationdesparcs.com\/wp\/wp-content\/uploads\/2012\/08\/parc-st-paul-009.jpg?fit=3216%2C4288\" data-orig-size=\"3216,4288\" data-comments-opened=\"1\" data-image-meta=\"{&quot;aperture&quot;:&quot;8&quot;,&quot;credit&quot;:&quot;&quot;,&quot;camera&quot;:&quot;FinePix SL240&quot;,&quot;caption&quot;:&quot;&quot;,&quot;created_timestamp&quot;:&quot;1345296787&quot;,&quot;copyright&quot;:&quot;&quot;,&quot;focal_length&quot;:&quot;4.3&quot;,&quot;iso&quot;:&quot;64&quot;,&quot;shutter_speed&quot;:&quot;0.0083333333333333&quot;,&quot;title&quot;:&quot;&quot;,&quot;orientation&quot;:&quot;1&quot;}\" data-image-title=\"Parc St-Paul 009\" data-image-description=\"\" data-image-caption=\"\" data-medium-file=\"https:\/\/i0.wp.com\/alexcitationdesparcs.com\/wp\/wp-content\/uploads\/2012\/08\/parc-st-paul-009.jpg?fit=225%2C300\" data-large-file=\"https:\/\/i0.wp.com\/alexcitationdesparcs.com\/wp\/wp-content\/uploads\/2012\/08\/parc-st-paul-009.jpg?fit=474%2C632\" loading=\"lazy\" class=\"alignright size-thumbnail wp-image-455\" title=\"Parc St-Paul 009\" src=\"http:\/\/parcalex.files.wordpress.com\/2012\/08\/parc-st-paul-009.jpg?w=112&#038;resize=159%2C214\" alt=\"\" width=\"159\" height=\"214\" data-recalc-dims=\"1\" \/><\/a>Apr\u00e8s l&rsquo;\u00e9pisode pr\u00e9c\u00e9dent de la ceinture trop courte et un recalage il y a deux ans \u00e0 Hurracan Condor \u00e0 PortAventura, je rentre \u00e0 reculons dans la file d&rsquo;attente vu qu&rsquo;Alex voulait le faire (j&rsquo;\u00e9tais d&rsquo;ailleurs plus que surpris !) et la miracle&#8230; la ceinture entre le si\u00e8ge et le harnais ferme sans trop de soucis. Cherchez l&rsquo;erreur&#8230;<br \/>\nNous voil\u00e0 donc en train de monter, tr\u00e8s lentement puis plus rapidement. Une fois arriv\u00e9s \u00e0 une quarantaine de m\u00e8tres de hauteur nous restons stables quelques secondes avant le l\u00e2cher. Chute libre puis freins progressifs (un peu brusques tout de m\u00eame) pour nous retrouver de nouveau sur la plateforme.<\/p>\n<p><em>Une bonne dose de sensations \u00e0 proscrire tout de m\u00eame aux personnes fragiles de l&rsquo;estomac<\/em><\/p>\n<p><strong>Une souris verte&#8230;<\/strong><br \/>\n<a href=\"http:\/\/parcalex.files.wordpress.com\/2012\/08\/parc-st-paul-011.jpg\"><img data-attachment-id=\"451\" data-permalink=\"http:\/\/alexcitationdesparcs.com\/wp\/2012\/08\/18\/une-grande-fete-foraine-boisee-ou-lon-ne-paye-qua-lentree-parc-st-paul-1808\/parc-st-paul-011\/\" data-orig-file=\"https:\/\/i0.wp.com\/alexcitationdesparcs.com\/wp\/wp-content\/uploads\/2012\/08\/parc-st-paul-011.jpg?fit=4288%2C3216\" data-orig-size=\"4288,3216\" data-comments-opened=\"1\" data-image-meta=\"{&quot;aperture&quot;:&quot;5&quot;,&quot;credit&quot;:&quot;&quot;,&quot;camera&quot;:&quot;FinePix SL240&quot;,&quot;caption&quot;:&quot;&quot;,&quot;created_timestamp&quot;:&quot;1345297052&quot;,&quot;copyright&quot;:&quot;&quot;,&quot;focal_length&quot;:&quot;16.3&quot;,&quot;iso&quot;:&quot;64&quot;,&quot;shutter_speed&quot;:&quot;0.0055555555555556&quot;,&quot;title&quot;:&quot;&quot;,&quot;orientation&quot;:&quot;1&quot;}\" data-image-title=\"Parc St-Paul 011\" data-image-description=\"\" data-image-caption=\"\" data-medium-file=\"https:\/\/i0.wp.com\/alexcitationdesparcs.com\/wp\/wp-content\/uploads\/2012\/08\/parc-st-paul-011.jpg?fit=300%2C225\" data-large-file=\"https:\/\/i0.wp.com\/alexcitationdesparcs.com\/wp\/wp-content\/uploads\/2012\/08\/parc-st-paul-011.jpg?fit=474%2C356\" loading=\"lazy\" class=\"alignleft size-thumbnail wp-image-451\" title=\"Parc St-Paul 011\" src=\"http:\/\/parcalex.files.wordpress.com\/2012\/08\/parc-st-paul-011.jpg?w=150&#038;resize=212%2C157\" alt=\"\" width=\"212\" height=\"157\" data-recalc-dims=\"1\" \/><\/a>&#8230; qui a un rail jaune !!!! Je passe donc par la queue&#8230; Et j&rsquo;attend pas trop anxieux&#8230; OK j&rsquo;arr\u00eate ! Une belle wildmouse tournoyante sign\u00e9e Zamperla plut\u00f4t agr\u00e9able dans son ride malgr\u00e9 un layout loin d&rsquo;\u00eatre original. Ca tourne, ca vire, ca monte et ca desdcend&#8230; toutes les joies d&rsquo;une souris folle, ni plus, ni moins&#8230;<\/p>\n<p><em>\u00c7a tourne mais pas trop (m\u00eame Alex ne s&rsquo;est pas plaint pour vous dire) avec de jolis airtime&#8230; \u00c0 refaire <\/em><\/p>\n<p><strong>Le coaster formule 1<\/strong><\/p>\n<p><a href=\"http:\/\/parcalex.files.wordpress.com\/2012\/08\/parc-st-paul-012.jpg\"><img data-attachment-id=\"450\" data-permalink=\"http:\/\/alexcitationdesparcs.com\/wp\/2012\/08\/18\/une-grande-fete-foraine-boisee-ou-lon-ne-paye-qua-lentree-parc-st-paul-1808\/parc-st-paul-012\/\" data-orig-file=\"https:\/\/i0.wp.com\/alexcitationdesparcs.com\/wp\/wp-content\/uploads\/2012\/08\/parc-st-paul-012.jpg?fit=4288%2C3216\" data-orig-size=\"4288,3216\" data-comments-opened=\"1\" data-image-meta=\"{&quot;aperture&quot;:&quot;8&quot;,&quot;credit&quot;:&quot;&quot;,&quot;camera&quot;:&quot;FinePix SL240&quot;,&quot;caption&quot;:&quot;&quot;,&quot;created_timestamp&quot;:&quot;1345299869&quot;,&quot;copyright&quot;:&quot;&quot;,&quot;focal_length&quot;:&quot;4.3&quot;,&quot;iso&quot;:&quot;64&quot;,&quot;shutter_speed&quot;:&quot;0.008&quot;,&quot;title&quot;:&quot;&quot;,&quot;orientation&quot;:&quot;1&quot;}\" data-image-title=\"Parc St-Paul 012\" data-image-description=\"\" data-image-caption=\"\" data-medium-file=\"https:\/\/i0.wp.com\/alexcitationdesparcs.com\/wp\/wp-content\/uploads\/2012\/08\/parc-st-paul-012.jpg?fit=300%2C225\" data-large-file=\"https:\/\/i0.wp.com\/alexcitationdesparcs.com\/wp\/wp-content\/uploads\/2012\/08\/parc-st-paul-012.jpg?fit=474%2C356\" loading=\"lazy\" class=\"alignright size-thumbnail wp-image-450\" title=\"Parc St-Paul 012\" src=\"http:\/\/parcalex.files.wordpress.com\/2012\/08\/parc-st-paul-012.jpg?w=150&#038;resize=211%2C158\" alt=\"\" width=\"211\" height=\"158\" srcset=\"https:\/\/i0.wp.com\/alexcitationdesparcs.com\/wp\/wp-content\/uploads\/2012\/08\/parc-st-paul-012.jpg?w=4288 4288w, https:\/\/i0.wp.com\/alexcitationdesparcs.com\/wp\/wp-content\/uploads\/2012\/08\/parc-st-paul-012.jpg?resize=300%2C225 300w, https:\/\/i0.wp.com\/alexcitationdesparcs.com\/wp\/wp-content\/uploads\/2012\/08\/parc-st-paul-012.jpg?resize=768%2C576 768w, https:\/\/i0.wp.com\/alexcitationdesparcs.com\/wp\/wp-content\/uploads\/2012\/08\/parc-st-paul-012.jpg?resize=1024%2C768 1024w, https:\/\/i0.wp.com\/alexcitationdesparcs.com\/wp\/wp-content\/uploads\/2012\/08\/parc-st-paul-012.jpg?resize=1200%2C900 1200w, https:\/\/i0.wp.com\/alexcitationdesparcs.com\/wp\/wp-content\/uploads\/2012\/08\/parc-st-paul-012.jpg?w=948 948w, https:\/\/i0.wp.com\/alexcitationdesparcs.com\/wp\/wp-content\/uploads\/2012\/08\/parc-st-paul-012.jpg?w=1422 1422w\" sizes=\"(max-width: 211px) 100vw, 211px\" data-recalc-dims=\"1\" \/><\/a>Un coaster qui, je trouve, porte plut\u00f4t mal son nom puisqu&rsquo;il s&rsquo;agit&#8230; d&rsquo;une wild mouse! Le nom, lui, vient de la thematisation des wagons&#8230; chacun repr\u00e9sente une formule 1 de diff\u00e9rents constructeurs qui evolue sur un circuit sinueux&#8230; Virages serr\u00e9s (logique pour une wild mouse) mais aussi de belles chutes et des airtimes impressionnants.<\/p>\n<p><em>Un joli layout qui fait de cette wild mouse un tres bon coaster<\/em><\/p>\n<p>Apres ces quelques belles attractions nous d\u00e9cidons d&rsquo;aller manger un morceau. Un restaurant service a table existe sur le parc non loin de l\u00e0 o\u00f9 nous nous trouvions, malheureusement nous nous sommes fait recaler car il \u00e9tait 14h15 et que le resto <a href=\"http:\/\/parcalex.files.wordpress.com\/2012\/08\/parc-st-paul-003.jpg\"><img data-attachment-id=\"440\" data-permalink=\"http:\/\/alexcitationdesparcs.com\/wp\/2012\/08\/18\/une-grande-fete-foraine-boisee-ou-lon-ne-paye-qua-lentree-parc-st-paul-1808\/parc-st-paul-003\/\" data-orig-file=\"https:\/\/i0.wp.com\/alexcitationdesparcs.com\/wp\/wp-content\/uploads\/2012\/08\/parc-st-paul-003.jpg?fit=4288%2C3216\" data-orig-size=\"4288,3216\" data-comments-opened=\"1\" data-image-meta=\"{&quot;aperture&quot;:&quot;10&quot;,&quot;credit&quot;:&quot;&quot;,&quot;camera&quot;:&quot;FinePix SL240&quot;,&quot;caption&quot;:&quot;&quot;,&quot;created_timestamp&quot;:&quot;1345294107&quot;,&quot;copyright&quot;:&quot;&quot;,&quot;focal_length&quot;:&quot;7.3&quot;,&quot;iso&quot;:&quot;64&quot;,&quot;shutter_speed&quot;:&quot;0.014285714285714&quot;,&quot;title&quot;:&quot;&quot;,&quot;orientation&quot;:&quot;1&quot;}\" data-image-title=\"Parc St-Paul 003\" data-image-description=\"\" data-image-caption=\"\" data-medium-file=\"https:\/\/i0.wp.com\/alexcitationdesparcs.com\/wp\/wp-content\/uploads\/2012\/08\/parc-st-paul-003.jpg?fit=300%2C225\" data-large-file=\"https:\/\/i0.wp.com\/alexcitationdesparcs.com\/wp\/wp-content\/uploads\/2012\/08\/parc-st-paul-003.jpg?fit=474%2C356\" loading=\"lazy\" class=\"alignleft size-thumbnail wp-image-440\" title=\"Parc St-Paul 003\" src=\"http:\/\/parcalex.files.wordpress.com\/2012\/08\/parc-st-paul-003.jpg?w=150&#038;resize=220%2C165\" alt=\"\" width=\"220\" height=\"165\" srcset=\"https:\/\/i0.wp.com\/alexcitationdesparcs.com\/wp\/wp-content\/uploads\/2012\/08\/parc-st-paul-003.jpg?w=4288 4288w, https:\/\/i0.wp.com\/alexcitationdesparcs.com\/wp\/wp-content\/uploads\/2012\/08\/parc-st-paul-003.jpg?resize=300%2C225 300w, https:\/\/i0.wp.com\/alexcitationdesparcs.com\/wp\/wp-content\/uploads\/2012\/08\/parc-st-paul-003.jpg?resize=768%2C576 768w, https:\/\/i0.wp.com\/alexcitationdesparcs.com\/wp\/wp-content\/uploads\/2012\/08\/parc-st-paul-003.jpg?resize=1024%2C768 1024w, https:\/\/i0.wp.com\/alexcitationdesparcs.com\/wp\/wp-content\/uploads\/2012\/08\/parc-st-paul-003.jpg?resize=1200%2C900 1200w, https:\/\/i0.wp.com\/alexcitationdesparcs.com\/wp\/wp-content\/uploads\/2012\/08\/parc-st-paul-003.jpg?w=948 948w, https:\/\/i0.wp.com\/alexcitationdesparcs.com\/wp\/wp-content\/uploads\/2012\/08\/parc-st-paul-003.jpg?w=1422 1422w\" sizes=\"(max-width: 220px) 100vw, 220px\" data-recalc-dims=\"1\" \/><\/a>fermait a 14h. Nous nous rabattons donc sur le snack a c\u00f4t\u00e9, ou la vendeuse n&rsquo;etait pas tres accueillante et la cuisine pas tres propre. Si nous avions mieux connu le parc nous serions venus avec notre charbon de bois et nos saucisses car des barbecues sont mis gratuitement \u00e0 disposition des visiteurs. Bref, un americain, un coca et une danette plus tard, il etait l&rsquo;heure du spectacle de caniche.<\/p>\n<p><strong>La parade des chiens savants <\/strong><\/p>\n<p><a href=\"http:\/\/parcalex.files.wordpress.com\/2012\/08\/parc-st-paul-020.jpg\"><img data-attachment-id=\"446\" data-permalink=\"http:\/\/alexcitationdesparcs.com\/wp\/2012\/08\/18\/une-grande-fete-foraine-boisee-ou-lon-ne-paye-qua-lentree-parc-st-paul-1808\/parc-st-paul-020\/\" data-orig-file=\"https:\/\/i0.wp.com\/alexcitationdesparcs.com\/wp\/wp-content\/uploads\/2012\/08\/parc-st-paul-020.jpg?fit=4288%2C3216\" data-orig-size=\"4288,3216\" data-comments-opened=\"1\" data-image-meta=\"{&quot;aperture&quot;:&quot;4.6&quot;,&quot;credit&quot;:&quot;&quot;,&quot;camera&quot;:&quot;FinePix SL240&quot;,&quot;caption&quot;:&quot;&quot;,&quot;created_timestamp&quot;:&quot;1345304436&quot;,&quot;copyright&quot;:&quot;&quot;,&quot;focal_length&quot;:&quot;12.2&quot;,&quot;iso&quot;:&quot;640&quot;,&quot;shutter_speed&quot;:&quot;0.016666666666667&quot;,&quot;title&quot;:&quot;&quot;,&quot;orientation&quot;:&quot;1&quot;}\" data-image-title=\"Parc St-Paul 020\" data-image-description=\"\" data-image-caption=\"\" data-medium-file=\"https:\/\/i0.wp.com\/alexcitationdesparcs.com\/wp\/wp-content\/uploads\/2012\/08\/parc-st-paul-020.jpg?fit=300%2C225\" data-large-file=\"https:\/\/i0.wp.com\/alexcitationdesparcs.com\/wp\/wp-content\/uploads\/2012\/08\/parc-st-paul-020.jpg?fit=474%2C356\" loading=\"lazy\" class=\"alignright size-thumbnail wp-image-446\" title=\"Parc St-Paul 020\" src=\"http:\/\/parcalex.files.wordpress.com\/2012\/08\/parc-st-paul-020.jpg?w=150&#038;resize=203%2C152\" alt=\"\" width=\"203\" height=\"152\" srcset=\"https:\/\/i0.wp.com\/alexcitationdesparcs.com\/wp\/wp-content\/uploads\/2012\/08\/parc-st-paul-020.jpg?w=4288 4288w, https:\/\/i0.wp.com\/alexcitationdesparcs.com\/wp\/wp-content\/uploads\/2012\/08\/parc-st-paul-020.jpg?resize=300%2C225 300w, https:\/\/i0.wp.com\/alexcitationdesparcs.com\/wp\/wp-content\/uploads\/2012\/08\/parc-st-paul-020.jpg?resize=768%2C576 768w, https:\/\/i0.wp.com\/alexcitationdesparcs.com\/wp\/wp-content\/uploads\/2012\/08\/parc-st-paul-020.jpg?resize=1024%2C768 1024w, https:\/\/i0.wp.com\/alexcitationdesparcs.com\/wp\/wp-content\/uploads\/2012\/08\/parc-st-paul-020.jpg?resize=1200%2C900 1200w, https:\/\/i0.wp.com\/alexcitationdesparcs.com\/wp\/wp-content\/uploads\/2012\/08\/parc-st-paul-020.jpg?w=948 948w, https:\/\/i0.wp.com\/alexcitationdesparcs.com\/wp\/wp-content\/uploads\/2012\/08\/parc-st-paul-020.jpg?w=1422 1422w\" sizes=\"(max-width: 203px) 100vw, 203px\" data-recalc-dims=\"1\" \/><\/a>Nous decouvrons avec bonheur que la petite salle ou se deroulait le show etait climatis\u00e9e, et c&rsquo;\u00e9tait loin d&rsquo;\u00eatre un luxe en ce week-end de canicule. Alex a remarqu\u00e9 a l&rsquo;entree l&rsquo;un des participant au spectacle et le reconna\u00eet pour avoir propos\u00e9 le m\u00eame spectacle a Nigloland (que personnellement je n&rsquo;avais pas vu) ou un animateur donnait du rythme au spectacle. Lorsque le show commence nous d\u00e9couvrons avec surprise cet animateur de Nigloland en video grace a un r\u00e9troprojecteur, le technicien gerant le son et la vid\u00e9o avec un seul et unique DVD se debrouille comme un pied et le spectacle est amusant pour les enfants mais pas non plus grandiose.<\/p>\n<p><em>Rigolo pour amuser les enfants mais gu\u00e8re plus<\/em><\/p>\n<p><strong>Kalif, le roi lion <\/strong><\/p>\n<p>Deuxieme spectacle qui etait propos\u00e9 dans la foul\u00e9e mais dans un autre lieu du parc, sous un chapiteau, autant dire qu&rsquo;il ne fallait pas compter sur la clim cette fois ci. Dans ce spectacle un dresseur joue avec lions et lionnes derri\u00e8re une cage, evolution sur des poutres et presentoirs. Le spectacle fut court et les animaux rapidement agressifs, certainement en raison de la chaleur.<\/p>\n<p><strong>Le dino splash <\/strong><\/p>\n<p><a href=\"http:\/\/parcalex.files.wordpress.com\/2012\/08\/parc-st-paul-017.jpg\"><img data-attachment-id=\"448\" data-permalink=\"http:\/\/alexcitationdesparcs.com\/wp\/2012\/08\/18\/une-grande-fete-foraine-boisee-ou-lon-ne-paye-qua-lentree-parc-st-paul-1808\/parc-st-paul-017\/\" data-orig-file=\"https:\/\/i0.wp.com\/alexcitationdesparcs.com\/wp\/wp-content\/uploads\/2012\/08\/parc-st-paul-017.jpg?fit=4288%2C3216\" data-orig-size=\"4288,3216\" data-comments-opened=\"1\" data-image-meta=\"{&quot;aperture&quot;:&quot;8&quot;,&quot;credit&quot;:&quot;&quot;,&quot;camera&quot;:&quot;FinePix SL240&quot;,&quot;caption&quot;:&quot;&quot;,&quot;created_timestamp&quot;:&quot;1345300460&quot;,&quot;copyright&quot;:&quot;&quot;,&quot;focal_length&quot;:&quot;4.3&quot;,&quot;iso&quot;:&quot;64&quot;,&quot;shutter_speed&quot;:&quot;0.011764705882353&quot;,&quot;title&quot;:&quot;&quot;,&quot;orientation&quot;:&quot;1&quot;}\" data-image-title=\"Parc St-Paul 017\" data-image-description=\"\" data-image-caption=\"\" data-medium-file=\"https:\/\/i0.wp.com\/alexcitationdesparcs.com\/wp\/wp-content\/uploads\/2012\/08\/parc-st-paul-017.jpg?fit=300%2C225\" data-large-file=\"https:\/\/i0.wp.com\/alexcitationdesparcs.com\/wp\/wp-content\/uploads\/2012\/08\/parc-st-paul-017.jpg?fit=474%2C356\" loading=\"lazy\" class=\"alignleft size-thumbnail wp-image-448\" title=\"Parc St-Paul 017\" src=\"http:\/\/parcalex.files.wordpress.com\/2012\/08\/parc-st-paul-017.jpg?w=150&#038;resize=143%2C107\" alt=\"\" width=\"143\" height=\"107\" srcset=\"https:\/\/i0.wp.com\/alexcitationdesparcs.com\/wp\/wp-content\/uploads\/2012\/08\/parc-st-paul-017.jpg?w=4288 4288w, https:\/\/i0.wp.com\/alexcitationdesparcs.com\/wp\/wp-content\/uploads\/2012\/08\/parc-st-paul-017.jpg?resize=300%2C225 300w, https:\/\/i0.wp.com\/alexcitationdesparcs.com\/wp\/wp-content\/uploads\/2012\/08\/parc-st-paul-017.jpg?resize=768%2C576 768w, https:\/\/i0.wp.com\/alexcitationdesparcs.com\/wp\/wp-content\/uploads\/2012\/08\/parc-st-paul-017.jpg?resize=1024%2C768 1024w, https:\/\/i0.wp.com\/alexcitationdesparcs.com\/wp\/wp-content\/uploads\/2012\/08\/parc-st-paul-017.jpg?resize=1200%2C900 1200w, https:\/\/i0.wp.com\/alexcitationdesparcs.com\/wp\/wp-content\/uploads\/2012\/08\/parc-st-paul-017.jpg?w=948 948w, https:\/\/i0.wp.com\/alexcitationdesparcs.com\/wp\/wp-content\/uploads\/2012\/08\/parc-st-paul-017.jpg?w=1422 1422w\" sizes=\"(max-width: 143px) 100vw, 143px\" data-recalc-dims=\"1\" \/><\/a>La ou le reste du parc semble etre une fete foraine, ce flume est superbement thematis\u00e9 sur la pr\u00e9histoire. La particularit\u00e9 de celui-ci c&rsquo;est qu&rsquo;il mouille plus hors du parcours que pendant le parcours. A l&rsquo;entree de la file d&rsquo;attente la deuxi\u00e8me chute permet de rentrer compl\u00e8tement tremper, on en est presque d\u00e9\u00e7u du coup que l&rsquo;attraction ne mouille pas autant.<\/p>\n<p><strong>Le chateau hant\u00e9 <\/strong><\/p>\n<figure id=\"attachment_447\" aria-describedby=\"caption-attachment-447\" style=\"width: 176px\" class=\"wp-caption alignright\"><a href=\"http:\/\/parcalex.files.wordpress.com\/2012\/08\/parc-st-paul-018.jpg\"><img data-attachment-id=\"447\" data-permalink=\"http:\/\/alexcitationdesparcs.com\/wp\/2012\/08\/18\/une-grande-fete-foraine-boisee-ou-lon-ne-paye-qua-lentree-parc-st-paul-1808\/parc-st-paul-018\/\" data-orig-file=\"https:\/\/i0.wp.com\/alexcitationdesparcs.com\/wp\/wp-content\/uploads\/2012\/08\/parc-st-paul-018.jpg?fit=4288%2C3216\" data-orig-size=\"4288,3216\" data-comments-opened=\"1\" data-image-meta=\"{&quot;aperture&quot;:&quot;8&quot;,&quot;credit&quot;:&quot;&quot;,&quot;camera&quot;:&quot;FinePix SL240&quot;,&quot;caption&quot;:&quot;&quot;,&quot;created_timestamp&quot;:&quot;1345303267&quot;,&quot;copyright&quot;:&quot;&quot;,&quot;focal_length&quot;:&quot;4.3&quot;,&quot;iso&quot;:&quot;64&quot;,&quot;shutter_speed&quot;:&quot;0.0045454545454545&quot;,&quot;title&quot;:&quot;&quot;,&quot;orientation&quot;:&quot;1&quot;}\" data-image-title=\"Parc St-Paul 018\" data-image-description=\"\" data-image-caption=\"&lt;p&gt;L&amp;rsquo;entr\u00e9e du chateau se fait dans le fond \u00e0 droite&lt;\/p&gt;\n\" data-medium-file=\"https:\/\/i0.wp.com\/alexcitationdesparcs.com\/wp\/wp-content\/uploads\/2012\/08\/parc-st-paul-018.jpg?fit=300%2C225\" data-large-file=\"https:\/\/i0.wp.com\/alexcitationdesparcs.com\/wp\/wp-content\/uploads\/2012\/08\/parc-st-paul-018.jpg?fit=474%2C356\" loading=\"lazy\" class=\"size-thumbnail wp-image-447\" title=\"Parc St-Paul 018\" src=\"http:\/\/parcalex.files.wordpress.com\/2012\/08\/parc-st-paul-018.jpg?w=150&#038;resize=176%2C131\" alt=\"\" width=\"176\" height=\"131\" srcset=\"https:\/\/i0.wp.com\/alexcitationdesparcs.com\/wp\/wp-content\/uploads\/2012\/08\/parc-st-paul-018.jpg?w=4288 4288w, https:\/\/i0.wp.com\/alexcitationdesparcs.com\/wp\/wp-content\/uploads\/2012\/08\/parc-st-paul-018.jpg?resize=300%2C225 300w, https:\/\/i0.wp.com\/alexcitationdesparcs.com\/wp\/wp-content\/uploads\/2012\/08\/parc-st-paul-018.jpg?resize=768%2C576 768w, https:\/\/i0.wp.com\/alexcitationdesparcs.com\/wp\/wp-content\/uploads\/2012\/08\/parc-st-paul-018.jpg?resize=1024%2C768 1024w, https:\/\/i0.wp.com\/alexcitationdesparcs.com\/wp\/wp-content\/uploads\/2012\/08\/parc-st-paul-018.jpg?resize=1200%2C900 1200w, https:\/\/i0.wp.com\/alexcitationdesparcs.com\/wp\/wp-content\/uploads\/2012\/08\/parc-st-paul-018.jpg?w=948 948w, https:\/\/i0.wp.com\/alexcitationdesparcs.com\/wp\/wp-content\/uploads\/2012\/08\/parc-st-paul-018.jpg?w=1422 1422w\" sizes=\"(max-width: 176px) 100vw, 176px\" data-recalc-dims=\"1\" \/><\/a><figcaption id=\"caption-attachment-447\" class=\"wp-caption-text\">L&rsquo;entr\u00e9e du chateau se fait dans le fond \u00e0 droite<\/figcaption><\/figure>\n<p>Habitu\u00e9s aux trains fant\u00f4me nous nous empressons de d\u00e9couvrir ce ch\u00e2teau hant\u00e9 sous forme d&rsquo;un walkthrough. Nous evoluons dans des couloirs grillag\u00e9s dans un univers sombre. Monstres animaux \u00e0 phobie et morts vivants entre autres au programme de ce parcours peut \u00eatre un peu trop \u00e9clair\u00e9 \u00e0 mon go\u00fbt. Seul chose impressionnante, un passage dans un cylindre tournant donnant un peu le tourni m\u00eame si cela n&rsquo;a rien a voir avec un ch\u00e2teau hant\u00e9.<\/p>\n<p><strong>La maison foldingue <\/strong><\/p>\n<p><a href=\"http:\/\/parcalex.files.wordpress.com\/2012\/08\/parc-st-paul-022.jpg\"><img data-attachment-id=\"444\" data-permalink=\"http:\/\/alexcitationdesparcs.com\/wp\/2012\/08\/18\/une-grande-fete-foraine-boisee-ou-lon-ne-paye-qua-lentree-parc-st-paul-1808\/parc-st-paul-022\/\" data-orig-file=\"https:\/\/i0.wp.com\/alexcitationdesparcs.com\/wp\/wp-content\/uploads\/2012\/08\/parc-st-paul-022.jpg?fit=4288%2C3216\" data-orig-size=\"4288,3216\" data-comments-opened=\"1\" data-image-meta=\"{&quot;aperture&quot;:&quot;4&quot;,&quot;credit&quot;:&quot;&quot;,&quot;camera&quot;:&quot;FinePix SL240&quot;,&quot;caption&quot;:&quot;&quot;,&quot;created_timestamp&quot;:&quot;1345309574&quot;,&quot;copyright&quot;:&quot;&quot;,&quot;focal_length&quot;:&quot;7.8&quot;,&quot;iso&quot;:&quot;64&quot;,&quot;shutter_speed&quot;:&quot;0.008&quot;,&quot;title&quot;:&quot;&quot;,&quot;orientation&quot;:&quot;1&quot;}\" data-image-title=\"Parc St-Paul 022\" data-image-description=\"\" data-image-caption=\"\" data-medium-file=\"https:\/\/i0.wp.com\/alexcitationdesparcs.com\/wp\/wp-content\/uploads\/2012\/08\/parc-st-paul-022.jpg?fit=300%2C225\" data-large-file=\"https:\/\/i0.wp.com\/alexcitationdesparcs.com\/wp\/wp-content\/uploads\/2012\/08\/parc-st-paul-022.jpg?fit=474%2C356\" loading=\"lazy\" class=\"alignleft size-thumbnail wp-image-444\" title=\"Parc St-Paul 022\" src=\"http:\/\/parcalex.files.wordpress.com\/2012\/08\/parc-st-paul-022.jpg?w=150&#038;resize=117%2C88\" alt=\"\" width=\"117\" height=\"88\" srcset=\"https:\/\/i0.wp.com\/alexcitationdesparcs.com\/wp\/wp-content\/uploads\/2012\/08\/parc-st-paul-022.jpg?w=4288 4288w, https:\/\/i0.wp.com\/alexcitationdesparcs.com\/wp\/wp-content\/uploads\/2012\/08\/parc-st-paul-022.jpg?resize=300%2C225 300w, https:\/\/i0.wp.com\/alexcitationdesparcs.com\/wp\/wp-content\/uploads\/2012\/08\/parc-st-paul-022.jpg?resize=768%2C576 768w, https:\/\/i0.wp.com\/alexcitationdesparcs.com\/wp\/wp-content\/uploads\/2012\/08\/parc-st-paul-022.jpg?resize=1024%2C768 1024w, https:\/\/i0.wp.com\/alexcitationdesparcs.com\/wp\/wp-content\/uploads\/2012\/08\/parc-st-paul-022.jpg?resize=1200%2C900 1200w, https:\/\/i0.wp.com\/alexcitationdesparcs.com\/wp\/wp-content\/uploads\/2012\/08\/parc-st-paul-022.jpg?w=948 948w, https:\/\/i0.wp.com\/alexcitationdesparcs.com\/wp\/wp-content\/uploads\/2012\/08\/parc-st-paul-022.jpg?w=1422 1422w\" sizes=\"(max-width: 117px) 100vw, 117px\" data-recalc-dims=\"1\" \/><\/a>Cette attraction propose de petites sensations accessibles \u00e0 tous. Elle monte et descend a vitesse plut\u00f4t lente tout en s&rsquo;inclinant (un peu comme le wagon de KingKong a Bobbejaanland dans plus de dimensions avec quelques effets suppl\u00e9mentaires et une histoire rigolote.<\/p>\n<p><em>Belle petite attraction a faire principalement en famille.<\/em><\/p>\n<p><strong>L&rsquo;arche de No\u00e9 <\/strong><\/p>\n<p><a href=\"http:\/\/parcalex.files.wordpress.com\/2012\/08\/parc-st-paul-023.jpg\"><img data-attachment-id=\"443\" data-permalink=\"http:\/\/alexcitationdesparcs.com\/wp\/2012\/08\/18\/une-grande-fete-foraine-boisee-ou-lon-ne-paye-qua-lentree-parc-st-paul-1808\/parc-st-paul-023\/\" data-orig-file=\"https:\/\/i0.wp.com\/alexcitationdesparcs.com\/wp\/wp-content\/uploads\/2012\/08\/parc-st-paul-023.jpg?fit=4288%2C3216\" data-orig-size=\"4288,3216\" data-comments-opened=\"1\" data-image-meta=\"{&quot;aperture&quot;:&quot;8&quot;,&quot;credit&quot;:&quot;&quot;,&quot;camera&quot;:&quot;FinePix SL240&quot;,&quot;caption&quot;:&quot;&quot;,&quot;created_timestamp&quot;:&quot;1345312379&quot;,&quot;copyright&quot;:&quot;&quot;,&quot;focal_length&quot;:&quot;4.3&quot;,&quot;iso&quot;:&quot;64&quot;,&quot;shutter_speed&quot;:&quot;0.01&quot;,&quot;title&quot;:&quot;&quot;,&quot;orientation&quot;:&quot;1&quot;}\" data-image-title=\"Parc St-Paul 023\" data-image-description=\"\" data-image-caption=\"\" data-medium-file=\"https:\/\/i0.wp.com\/alexcitationdesparcs.com\/wp\/wp-content\/uploads\/2012\/08\/parc-st-paul-023.jpg?fit=300%2C225\" data-large-file=\"https:\/\/i0.wp.com\/alexcitationdesparcs.com\/wp\/wp-content\/uploads\/2012\/08\/parc-st-paul-023.jpg?fit=474%2C356\" loading=\"lazy\" class=\"alignright size-thumbnail wp-image-443\" title=\"Parc St-Paul 023\" src=\"http:\/\/parcalex.files.wordpress.com\/2012\/08\/parc-st-paul-023.jpg?w=150&#038;resize=158%2C120\" alt=\"\" width=\"158\" height=\"120\" srcset=\"https:\/\/i0.wp.com\/alexcitationdesparcs.com\/wp\/wp-content\/uploads\/2012\/08\/parc-st-paul-023.jpg?w=4288 4288w, https:\/\/i0.wp.com\/alexcitationdesparcs.com\/wp\/wp-content\/uploads\/2012\/08\/parc-st-paul-023.jpg?resize=300%2C225 300w, https:\/\/i0.wp.com\/alexcitationdesparcs.com\/wp\/wp-content\/uploads\/2012\/08\/parc-st-paul-023.jpg?resize=768%2C576 768w, https:\/\/i0.wp.com\/alexcitationdesparcs.com\/wp\/wp-content\/uploads\/2012\/08\/parc-st-paul-023.jpg?resize=1024%2C768 1024w, https:\/\/i0.wp.com\/alexcitationdesparcs.com\/wp\/wp-content\/uploads\/2012\/08\/parc-st-paul-023.jpg?resize=1200%2C900 1200w, https:\/\/i0.wp.com\/alexcitationdesparcs.com\/wp\/wp-content\/uploads\/2012\/08\/parc-st-paul-023.jpg?w=948 948w, https:\/\/i0.wp.com\/alexcitationdesparcs.com\/wp\/wp-content\/uploads\/2012\/08\/parc-st-paul-023.jpg?w=1422 1422w\" sizes=\"(max-width: 158px) 100vw, 158px\" data-recalc-dims=\"1\" \/><\/a>C&rsquo;est la premi\u00e8re attraction que nous avons vu en arrivant sur le parking lorsque nous avons rejoint l&rsquo;entr\u00e9e du parc. Il s&rsquo;agit d&rsquo;un bateau a bascule th\u00e9matis\u00e9 avec quelques animaux avec aussi une photo location assise sur la main d&rsquo;un gros singe. <em><br \/>\n<\/em><\/p>\n<p><em>Il se trouve en revanche bien isol\u00e9 dans un coin du parc ce qui en fait une attraction encore une fois sans attente.<\/em><\/p>\n<p>Le bateau faisant le tour du lac \u00e9tant pris d&rsquo;assaut nous avons quitt\u00e9 le parc apr\u00e8s une belle petite journ\u00e9e.<\/p>\n<p class=\"jetpack-slideshow-noscript robots-nocontent\">Ce diaporama n\u00e9cessite JavaScript.<\/p><div id=\"gallery-435-1-slideshow\" class=\"jetpack-slideshow-window jetpack-slideshow jetpack-slideshow-black\" data-trans=\"fade\" data-autostart=\"1\" data-gallery=\"[{&quot;src&quot;:&quot;https:\\\/\\\/i0.wp.com\\\/alexcitationdesparcs.com\\\/wp\\\/wp-content\\\/uploads\\\/2012\\\/08\\\/parc-st-paul-004.jpg?fit=4288%2C3216&quot;,&quot;id&quot;:&quot;439&quot;,&quot;title&quot;:&quot;Parc St-Paul 004&quot;,&quot;alt&quot;:&quot;&quot;,&quot;caption&quot;:&quot;&quot;,&quot;itemprop&quot;:&quot;image&quot;},{&quot;src&quot;:&quot;https:\\\/\\\/i0.wp.com\\\/alexcitationdesparcs.com\\\/wp\\\/wp-content\\\/uploads\\\/2012\\\/08\\\/parc-st-paul-003.jpg?fit=4288%2C3216&quot;,&quot;id&quot;:&quot;440&quot;,&quot;title&quot;:&quot;Parc St-Paul 003&quot;,&quot;alt&quot;:&quot;&quot;,&quot;caption&quot;:&quot;&quot;,&quot;itemprop&quot;:&quot;image&quot;},{&quot;src&quot;:&quot;https:\\\/\\\/i0.wp.com\\\/alexcitationdesparcs.com\\\/wp\\\/wp-content\\\/uploads\\\/2012\\\/08\\\/parc-st-paul-002.jpg?fit=4288%2C3216&quot;,&quot;id&quot;:&quot;441&quot;,&quot;title&quot;:&quot;Parc St-Paul 002&quot;,&quot;alt&quot;:&quot;&quot;,&quot;caption&quot;:&quot;&quot;,&quot;itemprop&quot;:&quot;image&quot;},{&quot;src&quot;:&quot;https:\\\/\\\/i0.wp.com\\\/alexcitationdesparcs.com\\\/wp\\\/wp-content\\\/uploads\\\/2012\\\/08\\\/parc-st-paul-024.jpg?fit=3216%2C4288&quot;,&quot;id&quot;:&quot;442&quot;,&quot;title&quot;:&quot;Parc St-Paul 024&quot;,&quot;alt&quot;:&quot;&quot;,&quot;caption&quot;:&quot;&quot;,&quot;itemprop&quot;:&quot;image&quot;},{&quot;src&quot;:&quot;https:\\\/\\\/i0.wp.com\\\/alexcitationdesparcs.com\\\/wp\\\/wp-content\\\/uploads\\\/2012\\\/08\\\/parc-st-paul-023.jpg?fit=4288%2C3216&quot;,&quot;id&quot;:&quot;443&quot;,&quot;title&quot;:&quot;Parc St-Paul 023&quot;,&quot;alt&quot;:&quot;&quot;,&quot;caption&quot;:&quot;&quot;,&quot;itemprop&quot;:&quot;image&quot;},{&quot;src&quot;:&quot;https:\\\/\\\/i0.wp.com\\\/alexcitationdesparcs.com\\\/wp\\\/wp-content\\\/uploads\\\/2012\\\/08\\\/parc-st-paul-022.jpg?fit=4288%2C3216&quot;,&quot;id&quot;:&quot;444&quot;,&quot;title&quot;:&quot;Parc St-Paul 022&quot;,&quot;alt&quot;:&quot;&quot;,&quot;caption&quot;:&quot;&quot;,&quot;itemprop&quot;:&quot;image&quot;},{&quot;src&quot;:&quot;https:\\\/\\\/i0.wp.com\\\/alexcitationdesparcs.com\\\/wp\\\/wp-content\\\/uploads\\\/2012\\\/08\\\/parc-st-paul-021.jpg?fit=4288%2C3216&quot;,&quot;id&quot;:&quot;445&quot;,&quot;title&quot;:&quot;Parc St-Paul 021&quot;,&quot;alt&quot;:&quot;&quot;,&quot;caption&quot;:&quot;&quot;,&quot;itemprop&quot;:&quot;image&quot;},{&quot;src&quot;:&quot;https:\\\/\\\/i0.wp.com\\\/alexcitationdesparcs.com\\\/wp\\\/wp-content\\\/uploads\\\/2012\\\/08\\\/parc-st-paul-020.jpg?fit=4288%2C3216&quot;,&quot;id&quot;:&quot;446&quot;,&quot;title&quot;:&quot;Parc St-Paul 020&quot;,&quot;alt&quot;:&quot;&quot;,&quot;caption&quot;:&quot;&quot;,&quot;itemprop&quot;:&quot;image&quot;},{&quot;src&quot;:&quot;https:\\\/\\\/i0.wp.com\\\/alexcitationdesparcs.com\\\/wp\\\/wp-content\\\/uploads\\\/2012\\\/08\\\/parc-st-paul-018.jpg?fit=4288%2C3216&quot;,&quot;id&quot;:&quot;447&quot;,&quot;title&quot;:&quot;Parc St-Paul 018&quot;,&quot;alt&quot;:&quot;&quot;,&quot;caption&quot;:&quot;L\\u0026rsquo;entr\\u00e9e du chateau se fait dans le fond \\u00e0 droite&quot;,&quot;itemprop&quot;:&quot;image&quot;},{&quot;src&quot;:&quot;https:\\\/\\\/i0.wp.com\\\/alexcitationdesparcs.com\\\/wp\\\/wp-content\\\/uploads\\\/2012\\\/08\\\/parc-st-paul-017.jpg?fit=4288%2C3216&quot;,&quot;id&quot;:&quot;448&quot;,&quot;title&quot;:&quot;Parc St-Paul 017&quot;,&quot;alt&quot;:&quot;&quot;,&quot;caption&quot;:&quot;&quot;,&quot;itemprop&quot;:&quot;image&quot;},{&quot;src&quot;:&quot;https:\\\/\\\/i0.wp.com\\\/alexcitationdesparcs.com\\\/wp\\\/wp-content\\\/uploads\\\/2012\\\/08\\\/parc-st-paul-016.jpg?fit=4288%2C3216&quot;,&quot;id&quot;:&quot;449&quot;,&quot;title&quot;:&quot;Parc St-Paul 016&quot;,&quot;alt&quot;:&quot;&quot;,&quot;caption&quot;:&quot;&quot;,&quot;itemprop&quot;:&quot;image&quot;},{&quot;src&quot;:&quot;https:\\\/\\\/i0.wp.com\\\/alexcitationdesparcs.com\\\/wp\\\/wp-content\\\/uploads\\\/2012\\\/08\\\/parc-st-paul-012.jpg?fit=4288%2C3216&quot;,&quot;id&quot;:&quot;450&quot;,&quot;title&quot;:&quot;Parc St-Paul 012&quot;,&quot;alt&quot;:&quot;&quot;,&quot;caption&quot;:&quot;&quot;,&quot;itemprop&quot;:&quot;image&quot;},{&quot;src&quot;:&quot;https:\\\/\\\/i0.wp.com\\\/alexcitationdesparcs.com\\\/wp\\\/wp-content\\\/uploads\\\/2012\\\/08\\\/parc-st-paul-011.jpg?fit=4288%2C3216&quot;,&quot;id&quot;:&quot;451&quot;,&quot;title&quot;:&quot;Parc St-Paul 011&quot;,&quot;alt&quot;:&quot;&quot;,&quot;caption&quot;:&quot;&quot;,&quot;itemprop&quot;:&quot;image&quot;},{&quot;src&quot;:&quot;https:\\\/\\\/i0.wp.com\\\/alexcitationdesparcs.com\\\/wp\\\/wp-content\\\/uploads\\\/2012\\\/08\\\/parc-st-paul-006.jpg?fit=4288%2C3216&quot;,&quot;id&quot;:&quot;452&quot;,&quot;title&quot;:&quot;Parc St-Paul 006&quot;,&quot;alt&quot;:&quot;&quot;,&quot;caption&quot;:&quot;&quot;,&quot;itemprop&quot;:&quot;image&quot;},{&quot;src&quot;:&quot;https:\\\/\\\/i0.wp.com\\\/alexcitationdesparcs.com\\\/wp\\\/wp-content\\\/uploads\\\/2012\\\/08\\\/parc-st-paul-008.jpg?fit=4288%2C3216&quot;,&quot;id&quot;:&quot;454&quot;,&quot;title&quot;:&quot;Parc St-Paul 008&quot;,&quot;alt&quot;:&quot;&quot;,&quot;caption&quot;:&quot;&quot;,&quot;itemprop&quot;:&quot;image&quot;},{&quot;src&quot;:&quot;https:\\\/\\\/i0.wp.com\\\/alexcitationdesparcs.com\\\/wp\\\/wp-content\\\/uploads\\\/2012\\\/08\\\/parc-st-paul-009.jpg?fit=3216%2C4288&quot;,&quot;id&quot;:&quot;455&quot;,&quot;title&quot;:&quot;Parc St-Paul 009&quot;,&quot;alt&quot;:&quot;&quot;,&quot;caption&quot;:&quot;&quot;,&quot;itemprop&quot;:&quot;image&quot;}]\" itemscope itemtype=\"https:\/\/schema.org\/ImageGallery\"><\/div>\n\n<div class=\"twitter-share\"><a href=\"https:\/\/twitter.com\/intent\/tweet?via=parcalex\" class=\"twitter-share-button\">Tweet<\/a><\/div>\n","protected":false},"excerpt":{"rendered":"<p>C&rsquo;est donc une premi\u00e8re pour nous deux dans ce joli petit parc de l&rsquo;Ouest de l&rsquo;Oise. Alex (ne jurant que par Mirapolis) connaissait de nom car certaines attractions sont venues ici apr\u00e8s la fermeture mais aussi parce que le directeur est le fr\u00e8re de l&rsquo;un des derniers de Mirapolis. Pour ma part j&rsquo;etais tomb\u00e9 sur &hellip; <a href=\"http:\/\/alexcitationdesparcs.com\/wp\/2012\/08\/18\/une-grande-fete-foraine-boisee-ou-lon-ne-paye-qua-lentree-parc-st-paul-1808\/\" class=\"more-link\">Continuer la lecture de <span class=\"screen-reader-text\">Une grande f\u00eate foraine bois\u00e9e o\u00f9 l&#039;on ne paye qu&#039;\u00e0 l&#039;entr\u00e9e (Parc St-Paul &#8211; 18\/08)<\/span>  <span class=\"meta-nav\">&rarr;<\/span><\/a><\/p>\n","protected":false},"author":1,"featured_media":0,"comment_status":"open","ping_status":"open","sticky":false,"template":"","format":"standard","meta":{"jetpack_post_was_ever_published":false,"jetpack_publicize_message":"","jetpack_is_tweetstorm":false,"jetpack_publicize_feature_enabled":true,"jetpack_social_post_already_shared":false,"jetpack_social_options":{"image_generator_settings":{"template":"highway","enabled":false}}},"categories":[6],"tags":[93,172,191,196,310,405,432,494,514,515,626,665,721],"jetpack_publicize_connections":[],"jetpack_featured_media_url":"","jetpack_sharing_enabled":true,"jetpack_shortlink":"https:\/\/wp.me\/p7s8OT-71","jetpack-related-posts":[{"id":2286,"url":"http:\/\/alexcitationdesparcs.com\/wp\/2016\/03\/07\/first-time-in-walt-disney-world-epcot-day-3\/","url_meta":{"origin":435,"position":0},"title":"First Time in Walt Disney World &#8211; EPCOT &#8211; Day 3","date":"7 mars 2016","format":false,"excerpt":"Apr\u00e8s le petit avant go\u00fbt \u00e0 notre atterrissage et notre premi\u00e8re nuit au Pop Century, nous voici enfin pour la premi\u00e8re fois (pour moi) dans un parc Disney am\u00e9ricain. Il restera d'ailleurs mon parc Disney floridien pr\u00e9f\u00e9r\u00e9. The Seas with Nemo & friends Un joli dark ride o\u00f9 nous partons\u2026","rel":"","context":"Dans &quot;Trip Report&quot;","img":{"alt_text":"","src":"https:\/\/i0.wp.com\/alexcitationdesparcs.com\/wp\/wp-content\/uploads\/2016\/03\/img_5522.jpg?fit=1200%2C800&resize=350%2C200","width":350,"height":200},"classes":[]},{"id":379,"url":"http:\/\/alexcitationdesparcs.com\/wp\/2012\/08\/19\/nouvelle-tentative-gauloise-un-peu-mieux-mais-vraiment-lourde-parc-asterix-1908\/","url_meta":{"origin":435,"position":1},"title":"Nouvelle tentative gauloise&#8230; un peu mieux mais vraiment lourde (Parc Asterix 19\/08)","date":"19 ao\u00fbt 2012","format":false,"excerpt":"Apr\u00e8s une nuit pour le moins \u00e9prouvante dans le B&B de St-Witz (\u00e0 10 minutes du parc, mais dont la clim a d\u00e9cid\u00e9 de tomber en panne en ce week-end de canicule) nous voila parti pour Ast\u00e9rix en avance afin de bien profiter du parc.\u00a0 Un peu plus de 10h\u2026","rel":"","context":"Dans &quot;Trip Report&quot;","img":{"alt_text":"","src":"https:\/\/i0.wp.com\/alexcitationdesparcs.com\/wp\/wp-content\/uploads\/2012\/08\/parc-asterix-2-001.jpg?resize=350%2C200","width":350,"height":200},"classes":[]},{"id":1151,"url":"http:\/\/alexcitationdesparcs.com\/wp\/2013\/05\/29\/petite-journee-dans-le-monde-de-l-europe-europa-park-29-mai-2013\/","url_meta":{"origin":435,"position":2},"title":"Petite journee dans le monde de l Europe (Europa Park &#8211; 29 mai 2013)","date":"29 mai 2013","format":false,"excerpt":"En ce mois de Mai rempli de cong\u00e9s, je profite donc de cette p\u00e9riode pour rendre une petite visite \u00e0 une amie strasbourgeoise. Strasbourg \u00e9tant \u00e0 moins d\u2019une heure d\u2019Europa Park, j\u2019en ai donc profite pour faire un tour dans ce parc, le saisonnier le plus fr\u00e9quent\u00e9 du continent. D\u00e9part\u2026","rel":"","context":"Dans &quot;Trip Report&quot;","img":{"alt_text":"","src":"https:\/\/i0.wp.com\/alexcitationdesparcs.com\/wp\/wp-content\/uploads\/2013\/08\/ep-mai-2013-3.jpg?resize=350%2C200","width":350,"height":200},"classes":[]},{"id":4027,"url":"http:\/\/alexcitationdesparcs.com\/wp\/2018\/05\/11\/dessine-moi-un-parc-dattraction-parc-du-petit-prince\/","url_meta":{"origin":435,"position":3},"title":"Dessine moi un parc d\u2019attraction &#8211; Parc du Petit Prince","date":"11 mai 2018","format":false,"excerpt":"A l\u2019occasion d\u2019un petit s\u00e9jour dans l\u2019Est du Grand Est nous sommes all\u00e9s d\u00e9couvrir ce petit parc alsacien qui nous laissera une tr\u00e8s bonne impression.Apr\u00e8s avoir fait la queue pour acheter notre ticket d\u2019entr\u00e9e (oui, nous avons fait l\u2019erreur de ne pas prendre de billet \u00e0 l\u2019avance sur internet) nous\u2026","rel":"","context":"Dans &quot;On a test\u00e9 pour vous !&quot;","img":{"alt_text":"","src":"https:\/\/i0.wp.com\/alexcitationdesparcs.com\/wp\/wp-content\/uploads\/2018\/05\/img_2931.jpg?fit=1200%2C900&resize=350%2C200","width":350,"height":200},"classes":[]},{"id":2040,"url":"http:\/\/alexcitationdesparcs.com\/wp\/2014\/05\/02\/nature-animaux-et-attractions-font-bon-menage-bellewaerde-1er-mai-2014\/","url_meta":{"origin":435,"position":4},"title":"Nature, animaux et attractions font bon m\u00e9nage (Bellewaerde &#8211; 1er Mai 2014)","date":"2 mai 2014","format":false,"excerpt":"Ce fut donc une d\u00e9couverte pour ce premier parc de ces nombreux week-end prolong\u00e9s du mois de mai. Bellewaerde, parc animalier et d\u2019attraction du sud ouest de la Belgique \u00e0 proximit\u00e9 de la fronti\u00e8re fran\u00e7aise au niveau de Lille. A l\u2019occasion d\u2019un voyage contraint dans le Nord Pas de Calais\u2026","rel":"","context":"Dans &quot;Non class\u00e9&quot;","img":{"alt_text":"","src":"https:\/\/i0.wp.com\/alexcitationdesparcs.com\/wp\/wp-content\/uploads\/2014\/05\/img_3799.jpg?fit=1200%2C800&resize=350%2C200","width":350,"height":200},"classes":[]},{"id":4602,"url":"http:\/\/alexcitationdesparcs.com\/wp\/2020\/10\/06\/journee-ruche-en-emotion-au-parc-du-bocasse\/","url_meta":{"origin":435,"position":5},"title":"Journ\u00e9e ruche en \u00e9motion au Parc du Bocasse","date":"6 octobre 2020","format":false,"excerpt":"Dans cette ann\u00e9e compliqu\u00e9e en raison de la crise \u00e9pid\u00e9mique du COVID 19, nous avons choisi de suivre une id\u00e9e lanc\u00e9e par le gouvernement : visiter \u00e0 la France ! Notre pays regorge de nombreux parc d'attractions tenus par des familles d'amateurs o\u00f9 des plus grands groupes. Premi\u00e8re \u00e9tape de\u2026","rel":"","context":"Dans &quot;Roadbook&quot;","img":{"alt_text":"","src":"https:\/\/i0.wp.com\/alexcitationdesparcs.com\/wp\/wp-content\/uploads\/2020\/09\/IMG_20200813_101707-scaled.jpg?fit=1200%2C900&resize=350%2C200","width":350,"height":200},"classes":[]}],"_links":{"self":[{"href":"http:\/\/alexcitationdesparcs.com\/wp\/wp-json\/wp\/v2\/posts\/435"}],"collection":[{"href":"http:\/\/alexcitationdesparcs.com\/wp\/wp-json\/wp\/v2\/posts"}],"about":[{"href":"http:\/\/alexcitationdesparcs.com\/wp\/wp-json\/wp\/v2\/types\/post"}],"author":[{"embeddable":true,"href":"http:\/\/alexcitationdesparcs.com\/wp\/wp-json\/wp\/v2\/users\/1"}],"replies":[{"embeddable":true,"href":"http:\/\/alexcitationdesparcs.com\/wp\/wp-json\/wp\/v2\/comments?post=435"}],"version-history":[{"count":0,"href":"http:\/\/alexcitationdesparcs.com\/wp\/wp-json\/wp\/v2\/posts\/435\/revisions"}],"wp:attachment":[{"href":"http:\/\/alexcitationdesparcs.com\/wp\/wp-json\/wp\/v2\/media?parent=435"}],"wp:term":[{"taxonomy":"category","embeddable":true,"href":"http:\/\/alexcitationdesparcs.com\/wp\/wp-json\/wp\/v2\/categories?post=435"},{"taxonomy":"post_tag","embeddable":true,"href":"http:\/\/alexcitationdesparcs.com\/wp\/wp-json\/wp\/v2\/tags?post=435"}],"curies":[{"name":"wp","href":"https:\/\/api.w.org\/{rel}","templated":true}]}}